{"id":14728,"date":"2016-02-16T12:25:48","date_gmt":"2016-02-16T14:25:48","guid":{"rendered":"https:\/\/mjtom.com.br\/site1\/?p=14728"},"modified":"2022-01-07T12:59:30","modified_gmt":"2022-01-07T15:59:30","slug":"cafe-parlamentar-e-age","status":"publish","type":"post","link":"https:\/\/sinprfsp.org.br\/index.php\/2016\/02\/16\/cafe-parlamentar-e-age\/","title":{"rendered":"CAF\u00c9 PARLAMENTAR E AGE"},"content":{"rendered":"<div class=\"descricao\">\n<p style=\"text-align: justify;\"><span style=\"font-size: medium;\">Os Sindicatos Regionais e a FenaPRF realizar\u00e3o nesta semana o primeiro Caf\u00e9 Parlamentar do ano. Com o retorno do legislativo, reuniremos novamente os Deputados e Senadores que tem acompanhado de perto nossas reivindica\u00e7\u00f5es.<\/span><\/p>\n<p style=\"text-align: justify;\"><span style=\"font-size: medium;\">A reuni\u00e3o ocorre amanh\u00e3 (17) a partir das 8h, no restaurante do anexo IV da C\u00e2mara dos Deputados, e al\u00e9m de servir para expor os \u00faltimos acontecimentos de nossa Campanha de Valoriza\u00e7\u00e3o (os problemas trazidos pela Ordem Interna n\u00ba 1 no Minist\u00e9rio da Justi\u00e7a; a judicializa\u00e7\u00e3o do movimento pelo Governo; e a paralisia da negocia\u00e7\u00e3o com o MPOG), o evento tamb\u00e9m far\u00e1 alus\u00e3o ao anivers\u00e1rio da FenaPRF, que comemorou 24 anos no dia 15 de fevereiro.<\/span><\/p>\n<p style=\"text-align: justify;\"><span style=\"font-size: medium;\">Segundo a divulga\u00e7\u00e3o da FenaPRF: \u201cO objetivo principal \u00e9 mostrar aos parlamentares a import\u00e2ncia e a for\u00e7a do sistema sindical dos policiais rodovi\u00e1rios federais. Ao longo de 24 anos, foram in\u00fameras vit\u00f3rias e conquistas, sempre com uni\u00e3o dos PRFs e tamb\u00e9m contando com o apoio de parlamentares no Congresso Nacional.\u201d<\/span><\/p>\n<p style=\"text-align: justify;\"><span style=\"font-size: medium;\">Tamb\u00e9m nesta semana se realiza mais uma Assembleia Geral Extraordin\u00e1ria \u2013 AGE para prosseguir com a Campanha de Valoriza\u00e7\u00e3o do PRF, debatendo os pr\u00f3ximos passos da negocia\u00e7\u00e3o com o Governo e as medidas jur\u00eddicas tomadas para enfrentar a liminar proferida pelo STJ contra os Sindicatos dos PRFs.<\/span><\/p>\n<\/div>\n","protected":false},"excerpt":{"rendered":"<p>Os Sindicatos Regionais e a FenaPRF realizar\u00e3o nesta semana o primeiro Caf\u00e9 Parlamentar do ano. Com o retorno do legislativo, reuniremos novamente os Deputados e Senadores que tem acompanhado de perto nossas reivindica\u00e7\u00f5es. A reuni\u00e3o ocorre amanh\u00e3 (17) a partir das 8h, no restaurante do anexo IV da C\u00e2mara dos Deputados, e al\u00e9m de servir [&hellip;]<\/p>\n","protected":false},"author":3,"featured_media":14729,"comment_status":"closed","ping_status":"closed","sticky":false,"template":"","format":"standard","meta":{"footnotes":""},"categories":[41],"tags":[],"class_list":["post-14728","post","type-post","status-publish","format-standard","has-post-thumbnail","hentry","category-noticias-em-destaque"],"_links":{"self":[{"href":"https:\/\/sinprfsp.org.br\/index.php\/wp-json\/wp\/v2\/posts\/14728","targetHints":{"allow":["GET"]}}],"collection":[{"href":"https:\/\/sinprfsp.org.br\/index.php\/wp-json\/wp\/v2\/posts"}],"about":[{"href":"https:\/\/sinprfsp.org.br\/index.php\/wp-json\/wp\/v2\/types\/post"}],"author":[{"embeddable":true,"href":"https:\/\/sinprfsp.org.br\/index.php\/wp-json\/wp\/v2\/users\/3"}],"replies":[{"embeddable":true,"href":"https:\/\/sinprfsp.org.br\/index.php\/wp-json\/wp\/v2\/comments?post=14728"}],"version-history":[{"count":1,"href":"https:\/\/sinprfsp.org.br\/index.php\/wp-json\/wp\/v2\/posts\/14728\/revisions"}],"predecessor-version":[{"id":14730,"href":"https:\/\/sinprfsp.org.br\/index.php\/wp-json\/wp\/v2\/posts\/14728\/revisions\/14730"}],"wp:featuredmedia":[{"embeddable":true,"href":"https:\/\/sinprfsp.org.br\/index.php\/wp-json\/wp\/v2\/media\/14729"}],"wp:attachment":[{"href":"https:\/\/sinprfsp.org.br\/index.php\/wp-json\/wp\/v2\/media?parent=14728"}],"wp:term":[{"taxonomy":"category","embeddable":true,"href":"https:\/\/sinprfsp.org.br\/index.php\/wp-json\/wp\/v2\/categories?post=14728"},{"taxonomy":"post_tag","embeddable":true,"href":"https:\/\/sinprfsp.org.br\/index.php\/wp-json\/wp\/v2\/tags?post=14728"}],"curies":[{"name":"wp","href":"https:\/\/api.w.org\/{rel}","templated":true}]}}