{"id":14771,"date":"2015-11-11T12:28:56","date_gmt":"2015-11-11T14:28:56","guid":{"rendered":"https:\/\/mjtom.com.br\/site1\/?p=14771"},"modified":"2022-01-07T12:59:30","modified_gmt":"2022-01-07T15:59:30","slug":"minuta-do-regulamento-de-trabalho-e-atendimento","status":"publish","type":"post","link":"https:\/\/sinprfsp.org.br\/index.php\/2015\/11\/11\/minuta-do-regulamento-de-trabalho-e-atendimento\/","title":{"rendered":"MINUTA DO REGULAMENTO DE TRABALHO E ATENDIMENTO"},"content":{"rendered":"<div class=\"descricao\">\n<p align=\"center\"><span style=\"font-size: medium;\"><strong><span style=\"text-decoration: underline;\">REGULAMENTO DE TRABALHO <\/span><\/strong><strong><span style=\"text-decoration: underline;\">E ATENDIMENTO <\/span><\/strong><strong><span style=\"text-decoration: underline;\">DOS PROFISSIONAIS DA ADVOCACIA QUE ATUA<\/span><\/strong><strong><span style=\"text-decoration: underline;\">M<\/span><\/strong><strong><span style=\"text-decoration: underline;\"> NO \u201c<\/span><\/strong><strong><span style=\"text-decoration: underline;\">Departamento Jur\u00eddico <em>SINPRF-SP<\/em><\/span><\/strong><\/span><\/p>\n<p>\u00a0<\/p>\n<p><span style=\"font-size: medium;\">Considerando a imperiosa necessidade de buscar sempre a excel\u00eancia nos servi\u00e7os prestados pela Capano Passafaro Advogados Associados ao <em>SINPRF-SP<\/em>, tendo especial preocupa\u00e7\u00e3o em bem atender o sindicalizado, raz\u00e3o \u00fanica da exist\u00eancia da Entidade;<\/span><\/p>\n<p style=\"text-align: justify;\"><span style=\"font-size: medium;\">Considerando que o Departamento Jur\u00eddico <em>SINPRF-SP<\/em> come\u00e7ar\u00e1 a experimentar um grande acr\u00e9scimo de servi\u00e7o por conta da maior procura por parte dos sindicalizados, o que denota a confian\u00e7a por eles depositada em nossos servi\u00e7os e no Sindicato;<\/span><\/p>\n<p style=\"text-align: justify;\"><span style=\"font-size: medium;\">Considerando que os profissionais da advocacia que trabalhar\u00e3o no Departamento Jur\u00eddico <em>SINPRF-SP<\/em> devem cumprir fielmente o preceituado no C\u00f3digo de \u00c9tica e Disciplina da OAB e demais legisla\u00e7\u00f5es conexas, evitando-se, sobretudo, incorrer em eventual patroc\u00ednio infiel e demais condutas il\u00edcitas;<\/span><\/p>\n<p style=\"text-align: justify;\"><span style=\"font-size: medium;\">Regulamenta-se:<\/span><\/p>\n<p style=\"text-align: justify;\"><span style=\"font-size: medium;\"><strong><em>Artigo 1\u00ba<\/em><\/strong> &#8211; O presente regulamento \u00e9 de <strong>observ\u00e2ncia obrigat\u00f3ria dos senhores advogados, estagi\u00e1rios e pessoal administrativo do <\/strong><strong>Departamento Jur\u00eddico <em>SINPRF-SP<\/em><\/strong>, devendo estes fazer cumprir fielmente o aqui disciplinado, inclusive orientando sindicalizados e os administradores do <em>SINPRF-SP<\/em> neste sentido.<\/span><\/p>\n<p style=\"text-align: justify;\"><span style=\"font-size: medium;\"><strong><em>Artigo 2\u00ba<\/em><\/strong> &#8211; Somente <em><span style=\"text-decoration: underline;\">est\u00e3o abarcados para uso efetivo e integral do <\/span><\/em><em><span style=\"text-decoration: underline;\">Departamento Jur\u00eddico<\/span><\/em><em><span style=\"text-decoration: underline;\"> SINPRF-SP<\/span><\/em> e de seus profissionais, <strong>o sindicalizado<\/strong><strong>, assim como a seus dependentes, compreendidos em seu c\u00f4njuge ou companheiro e filhos <\/strong><strong>at\u00e9 18 anos.<\/strong><\/span><\/p>\n<p style=\"text-align: justify;\"><span style=\"font-size: medium;\"><strong><em>Artigo 3\u00ba<\/em><\/strong> &#8211; O Departamento Jur\u00eddico <em>SINPRF-SP<\/em>, seus profissionais e o trabalho por eles desenvolvido s\u00e3o <strong>destinados exclusivamente para as pessoas f\u00edsicas dos beneficiados<\/strong>, <strong><em><span style=\"text-decoration: underline;\">sendo expressamente vedado o atendimento e a presta\u00e7\u00e3o de servi\u00e7o jur\u00eddico para as pessoas jur\u00eddicas de qualquer esp\u00e9cie, ainda que as mesmas perten\u00e7am ao sindicalizado e\/ou aos seus dependentes<\/span><\/em><\/strong>. \u00a0<\/span><\/p>\n<p style=\"text-align: justify;\"><span style=\"font-size: medium;\"><strong><em>Artigo 4\u00ba<\/em><\/strong> &#8211; Por expressa disposi\u00e7\u00e3o do estatuto e do c\u00f3digo de \u00e9tica e disciplina da Ordem dos Advogados do Brasil, que regulamenta a profiss\u00e3o de advogado e estabelece normas e par\u00e2metros a serem seguidos pelo mesmo, fica <strong><em><span style=\"text-decoration: underline;\">terminantemente proibida a atua\u00e7\u00e3o de profissional do Departamento Jur\u00eddico SINPRF-SP em defesa de sindicalizado apenas na esfera administrativa \u201cinterna corporis\u201d, quando existir outro advogado atuando nas esferas dos processos crime ou c\u00edvel em raz\u00e3o dos mesmos fatos que motivaram o aludido processo administrativo<\/span><\/em><\/strong>.<\/span><\/p>\n<p style=\"text-align: justify;\"><span style=\"font-size: medium;\"><em>\u00a7 1\u00ba<\/em> \u2013 Nos casos em que o sindicalizado estiver sendo demandado nas esferas acima citadas, <span style=\"text-decoration: underline;\">dever\u00e1 optar pelo patroc\u00ednio do profissional do Departamento Jur\u00eddico <em>SINPRF-SP<\/em> integralmente, sem o concurso de nenhum outro profissional<\/span>, ficando vedado o atendimento apenas em parte do caso, como acima explicitado.<\/span><\/p>\n<p style=\"text-align: justify;\"><span style=\"font-size: medium;\"><em>\u00a7 2\u00ba<\/em> &#8211; Se no correr dos processos nas esferas penal comum, c\u00edvel, trabalhista ou administrativa, o sindicalizado optar pela assist\u00eancia de outro profissional de fora do Departamento Jur\u00eddico <em>SINPRF-SP<\/em>, este dever\u00e1 substabelecer \u201csem reservas\u201d em todos os processos conexos ao caso.\u00a0<\/span><\/p>\n<p style=\"text-align: justify;\"><span style=\"font-size: medium;\"><strong><em>Artigo 5\u00ba<\/em><\/strong><strong> &#8211; O sindicalizado dever\u00e1 comparecer para entrevista com advogado, na sede do <em>SINPRF-SP<\/em> ou nos Escrit\u00f3rios localizados <\/strong><strong>nas cidades de Mar\u00edlia, Registro, S\u00e3o Jos\u00e9 dos Campos, S\u00e3o Jos\u00e9 do Rio Preto, <\/strong><strong>com todos os documentos necess\u00e1rios e de interesse ao seu caso.<\/strong><\/span><\/p>\n<p style=\"text-align: justify;\"><span style=\"font-size: medium;\"><em>\u00a7 1\u00ba<\/em> \u2013 Os atendimentos na <strong>sede do SINPRF-SP ser\u00e1 realizado de segunda \u00e0 quinta-feira, das 9 \u00e0s 13 horas<\/strong>, por ordem de chegada.<\/span><\/p>\n<p style=\"text-align: justify;\"><span style=\"font-size: medium;\"><em>\u00a7 2\u00ba<\/em> &#8211; Nas cidades de Mar\u00edlia, Registro, S\u00e3o Jos\u00e9 dos Campos e S\u00e3o Jos\u00e9 do Rio Preto, o atendimento ser\u00e1 realizado preferencialmente no per\u00edodo da manh\u00e3, das 09:00 \u00e0s 13:00 h, devendo haver pr\u00e9via marca\u00e7\u00e3o de hor\u00e1rio com o advogado da referida cidade.<\/span><\/p>\n<p style=\"text-align: justify;\"><span style=\"font-size: medium;\"><em>\u00a7 3\u00ba<\/em> &#8211; Para comparecimento em audi\u00eancias, a entrevista com o advogado dever\u00e1 se dar nos prazos abaixo assinalados:<\/span><\/p>\n<p style=\"text-align: justify;\"><span style=\"font-size: medium;\"><em>[&#8230;.]<\/em><\/span><\/p>\n<ul style=\"text-align: justify;\">\n<li><span style=\"font-size: medium;\">\u00b7Na Comarca da Cidade de S\u00e3o Paulo e na Regi\u00e3o Metropolitana, com, no m\u00ednimo, 02 (dois) dias de anteced\u00eancia.<\/span><\/li>\n<\/ul>\n<ul style=\"text-align: justify;\">\n<li><span style=\"font-size: medium;\">\u00b7Nas Comarcas do Interior do Estado de S\u00e3o Paulo, com, no m\u00ednimo, 04 (quatro) dias de anteced\u00eancia.<\/span><\/li>\n<\/ul>\n<p style=\"text-align: justify;\"><span style=\"font-size: medium;\"><strong><em>Artigo 6\u00ba<\/em><\/strong> &#8211; <span style=\"text-decoration: underline;\">Nos casos em que existir necessidade de desarquivamento de autos de processo para seu regular andamento<\/span>, <strong>dever\u00e1 o sindicalizado<\/strong>, instru\u00eddo pelo profissional do Departamento Jur\u00eddico <em>SINPRF-SP<\/em>, <strong>providenciar pessoalmente a medida, pagando as custas necess\u00e1rias para efetiva\u00e7\u00e3o da mesma<\/strong>.<\/span><\/p>\n<p style=\"text-align: justify;\"><span style=\"font-size: medium;\"><strong><em>\u00a7 1\u00ba<\/em><\/strong><strong> &#8211; A mesma atitude dever\u00e1 ser tomada pelo sindicalizado quando da necessidade de extra\u00e7\u00e3o de c\u00f3pias e documentos para o ajuizamento e\/ou defesa de qualquer medida judicial<\/strong>.<\/span><\/p>\n<p style=\"text-align: justify;\"><span style=\"font-size: medium;\"><em><span style=\"text-decoration: underline;\">\u00a7 2\u00ba<\/span><\/em><span style=\"text-decoration: underline;\"> &#8211; O Departamento Jur\u00eddico <em>SINPRF-SP<\/em><\/span> n\u00e3o disponibilizar\u00e1 seus profissionais nos casos em que n\u00e3o haja necessidade de interfer\u00eancia de advogado, tais como pedidos de revis\u00e3o de pens\u00e3o frente ao INSS, pedidos de levantamento de FGTS, recursos de multa, pedido de seguro DPVAT, negocia\u00e7\u00e3o de d\u00edvidas junto ao CDHU, bem como negocia\u00e7\u00e3o de d\u00edvidas extrajudicialmente, e outras provid\u00eancias deste jaez. Ainda \u00e9 vedado ao Departamento Jur\u00eddico <em>SINPRF-SP<\/em> realizar levantamento de precat\u00f3rios oriundos de causas ajuizadas por outros advogados.<\/span><\/p>\n<p style=\"text-align: justify;\"><span style=\"font-size: medium;\"><em>\u00a7 3\u00ba <\/em>&#8211; N\u00e3o ser\u00e1 vedado, entretanto, a orienta\u00e7\u00e3o e encaminhamento aos \u00f3rg\u00e3os competentes por parte dos profissionais do Departamento Jur\u00eddico <em>SINPRF-SP<\/em> nos casos acima citados.<\/span><\/p>\n<p style=\"text-align: justify;\"><span style=\"font-size: medium;\"><strong><em>Artigo 7\u00ba<\/em><\/strong> &#8211; O Departamento Jur\u00eddico <em>SINPRF-SP<\/em> n\u00e3o aceitar\u00e1 substabelecimentos, com ou sem reserva de poderes e ren\u00fancias de processos oriundos de outros advogados de fora dos quadros da <em>SINPRF-SP<\/em>.<\/span><\/p>\n<p style=\"text-align: justify;\"><span style=\"font-size: medium;\"><strong><em>Par\u00e1grafo \u00danico: Eventuais exce\u00e7\u00f5es, especialmente relacionadas ao exerc\u00edcio da fun\u00e7\u00e3o ou dela decorrentes, ser\u00e3o objeto de an\u00e1lise e delibera\u00e7\u00e3o pela Diretoria do SINPRF-SP em conjunto com a Diretoria da Capano Passafaro Advogados Associados.<\/em><\/strong><\/span><\/p>\n<p style=\"text-align: justify;\"><span style=\"font-size: medium;\"><strong><em>Artigo 8\u00ba<\/em><\/strong> &#8211; <strong>O sindicalizado<\/strong> que utilizar os servi\u00e7os jur\u00eddicos do Departamento Jur\u00eddico <em>SINPRF-SP<\/em> <strong>dever\u00e1 ser cadastrado pelo pessoal administrativo do Departamento ou pelo advogado respons\u00e1vel pelo atendimento, junto ao programa especialmente disponibilizado para tal fim, preenchendo todos os campos de informa\u00e7\u00e3o para a r\u00e1pida e segura comunica\u00e7\u00e3o com o sindicalizado<\/strong>.<\/span><\/p>\n<p style=\"text-align: justify;\"><span style=\"font-size: medium;\"><em>\u00a7 1\u00ba<\/em> &#8211; Depois de realizado o cadastro do sindicalizado e <span style=\"text-decoration: underline;\">verificada sua situa\u00e7\u00e3o regular junto \u00e0 entidade<\/span>, o atendimento ocorrer\u00e1 por ordem de chegada, para o mesmo dia se o plant\u00e3o comportar, ou encaminhar o sindicalizado para atendimento no dia imediatamente seguinte, quando o caso ser\u00e1 solucionado pelo advogado competente, nas seguintes \u00e1reas:<\/span><span style=\"font-size: medium;\"><strong>\u00a0<\/strong><\/span><\/p>\n<p style=\"text-align: justify;\"><span style=\"font-size: medium;\"><strong>&#8211; casos c\u00edveis em geral, criminais, trabalhistas<\/strong>;<\/span><\/p>\n<p style=\"text-align: justify;\"><span style=\"font-size: medium;\"><strong>&#8211; processos administrativos de natureza disciplinar que possam ou n\u00e3o resultar em demiss\u00e3o do sindicalizado \u2013 esfera \u201cinterna corporis\u201d<\/strong>;<\/span><\/p>\n<p style=\"text-align: justify;\"><span style=\"font-size: medium;\"><strong>&#8211; a\u00e7\u00f5es que tramitar\u00e3o na Justi\u00e7a Federal (envolvendo direitos que envolvam a condi\u00e7\u00e3o de funcion\u00e1rio p\u00fablico do servidor, etc) e a\u00e7\u00f5es ajuizadas em face do servidor pela Fazenda e\/ou MPF;<\/strong><\/span><\/p>\n<p style=\"text-align: justify;\"><span style=\"font-size: medium;\"><em>\u00a7 2\u00ba<\/em> &#8211; <span style=\"text-decoration: underline;\">O pessoal administrativo n\u00e3o fornecer\u00e1 senha de atendimento ap\u00f3s as 13 h.<\/span><\/span><\/p>\n<p style=\"text-align: justify;\"><span style=\"font-size: medium;\"><em>\u00a7 3\u00ba<\/em> &#8211; Quaisquer tipos de a\u00e7\u00f5es envolvendo administradores do <em>SINPRF-SP<\/em> e os casos relativos \u00e0 pr\u00f3pria entidade ser\u00e3o de compet\u00eancia da coordena\u00e7\u00e3o jur\u00eddica, que poder\u00e1 agendar hor\u00e1rios para o atendimento e indicar os profissionais respons\u00e1veis pela quest\u00e3o.<\/span><span style=\"font-size: medium;\">\u00a0<\/span><\/p>\n<p style=\"text-align: justify;\"><span style=\"font-size: medium;\"><em>\u00a7 4\u00ba<\/em> &#8211; O advogado disponibilizado em sede avan\u00e7ada do Departamento Jur\u00eddico <em>SINPRF-SP<\/em> dever\u00e1 atender, mediante hora marcada, durante todos os dias da semana, todas as \u00e1reas do direito acima discriminadas.<\/span><\/p>\n<p style=\"text-align: justify;\"><span style=\"font-size: medium;\"><em>\u00a7 5\u00ba<\/em> &#8211; O atendimento aos sindicalizados nas sedes avan\u00e7adas dever\u00e1 ocorrer, preferencialmente, no per\u00edodo da manh\u00e3, das 09:00 \u00e0s 13:00 h, sendo vedado ao advogado respons\u00e1vel pelo atendimento marcar hor\u00e1rio com o sindicalizado com lapso temporal maior do que cinco dias \u00fateis.<\/span><\/p>\n<p style=\"text-align: justify;\"><span style=\"font-size: medium;\"><em>\u00a7 6\u00ba<\/em> &#8211; Nas sedes avan\u00e7adas, na ocorr\u00eancia de situa\u00e7\u00e3o emergencial, com pr\u00e9via consulta e delibera\u00e7\u00e3o das Coordena\u00e7\u00f5es do Departamento Jur\u00eddico <em>SINPRF-SP<\/em> e da Capano Passafaro, dever\u00e1 o advogado respons\u00e1vel agendar hor\u00e1rio com o sindicalizado, mediante encaixe, para, no m\u00e1ximo, o pr\u00f3ximo dia \u00fatil, cujo objetivo \u00e9 o pronto atendimento das necessidades do sindicalizado residente em cidade do interior do Estado de S\u00e3o Paulo.\u00a0<\/span><\/p>\n<p style=\"text-align: justify;\"><span style=\"font-size: medium;\"><strong><em>Artigo 9\u00ba<\/em><\/strong> &#8211; O sindicalizado dever\u00e1 ser atendido, para solu\u00e7\u00e3o jur\u00eddica, por advogado do quadro, vedado o atendimento por estagi\u00e1rios ou qualquer outra pessoa.<\/span><span style=\"font-size: medium;\">\u00a0<\/span><\/p>\n<p style=\"text-align: justify;\"><span style=\"font-size: medium;\"><strong><em>\u00a7 1\u00ba<\/em><\/strong><strong> &#8211; <span style=\"text-decoration: underline;\">O primeiro atendimento determina a fixa\u00e7\u00e3o do advogado no caso<\/span>, <span style=\"text-decoration: underline;\">devendo o profissional realizar relat\u00f3rio pormenorizado da situa\u00e7\u00e3o jur\u00eddica do sindicalizado, apontando as solu\u00e7\u00f5es e provid\u00eancias tomadas<\/span><\/strong> (a a\u00e7\u00e3o, pe\u00e7a processual ou documento adequado para o interesse do sindicalizado), <strong>atualizando esta ficha de atendimento toda vez que o mesmo retornar ao Departamento Jur\u00eddico <em>SINPRF-SP<\/em>, fazendo contar o teor do novo atendimento, no sistema<\/strong> <a href=\"http:\/\/www.gcadv.com.br\/\">www.gcadv.com.br<\/a>, <strong>imprimindo o mesmo para que o sindicalizado coloque o seu visto, tornando-se ciente do inteiro teor do atendimento realizado<\/strong>.<\/span><\/p>\n<ul style=\"text-align: justify;\">\n<li><span style=\"font-size: medium;\"><strong><span>\u00b7<\/span>Para a entrega de documentos, o sindicalizado dever\u00e1 ser orientado pelo advogado a retornar no plant\u00e3o do mesmo<\/strong>, <strong><span style=\"text-decoration: underline;\">sendo vedado ao pessoal administrativo, ou mesmo a outro advogado, o recebimento de documentos<\/span><\/strong>.<\/span><\/li>\n<\/ul>\n<p style=\"text-align: justify;\"><span style=\"font-size: medium;\">O sindicalizado providenciar\u00e1 a entrega, de uma s\u00f3 vez, de todos os documentos solicitados pelo advogado de seu caso, <span style=\"text-decoration: underline;\">n\u00e3o podendo este receber apenas parte dos documentos, <strong>devendo o profissional conferir a exatid\u00e3o destes no momento da entrega, listando-os e fazendo constar o recebimento na ficha de relat\u00f3rio do caso do sindicalizado<\/strong><\/span>, dando este recibo no pr\u00f3prio termo.<\/span><\/p>\n<p style=\"text-align: justify;\"><span style=\"font-size: medium;\"><em>[&#8230;]<\/em><\/span><\/p>\n<p style=\"text-align: justify;\"><span style=\"font-size: medium;\"><strong><em>Artigo 11<strong><em>\u00ba<\/em><\/strong><\/em><\/strong><strong> &#8211; <span style=\"text-decoration: underline;\">O sindicalizado que for atendido por um advogado do quadro n\u00e3o poder\u00e1 consultar-se com outro advogado para resolu\u00e7\u00e3o de assuntos atinentes ao caso j\u00e1 tratado pelo primeiro profissional<\/span><\/strong>, sendo quaisquer outras ocorr\u00eancias ou diverg\u00eancias do caso encaminhados \u00e0 Coordena\u00e7\u00e3o Jur\u00eddica, para as provid\u00eancias de saneamento.<\/span><\/p>\n<p style=\"text-align: justify;\"><span style=\"font-size: medium;\"><strong><em>Artigo 12<strong><em>\u00ba<\/em><\/strong><\/em><\/strong><strong> &#8211; Em conseq\u00fc\u00eancia da rela\u00e7\u00e3o de confian\u00e7a que deve existir entre nossos profissionais e cada um dos sindicalizados que necessitam dos servi\u00e7os jur\u00eddicos disponibilizados pelo Departamento Jur\u00eddico <em>SINPRF-SP<\/em> fica obstado o fornecimento de c\u00f3pias de procura\u00e7\u00f5es, pe\u00e7as processuais e documentos produzidos pelos advogados do Departamento Jur\u00eddico <em>SINPRF-SP<\/em> aos sindicalizados<\/strong>.<\/span><\/p>\n<p style=\"text-align: justify;\"><span style=\"font-size: medium;\"><em>[&#8230;.]<\/em><\/span><\/p>\n<p style=\"text-align: justify;\"><span style=\"font-size: medium;\"><strong><em>Artigo 14<strong><em>\u00ba<\/em><\/strong><\/em><\/strong><em> \u2013 <\/em>Os sindicalizados junto ao SINPRF-SP, bem como seus dependentes recolhidos em qualquer Delegacia ou estabelecimento prisional no <strong>territ\u00f3rio do Munic\u00edpio de S\u00e3o Paulo ou Munic\u00edpios adjacentes (Grande S\u00e3o Paulo)<\/strong> em consequ\u00eancia de <strong><span style=\"text-decoration: underline;\">situa\u00e7\u00e3o de flagr\u00e2ncia, urg\u00eancia ou emerg\u00eancia<\/span><\/strong>, ser\u00e3o atendidos por profissional da advocacia especialmente designado para este fim atrav\u00e9s do sistema de <strong><span style=\"text-decoration: underline;\">plant\u00e3o 24 horas<\/span><\/strong>, acionado por n\u00famero de telefone amplamente divulgado no Departamento Jur\u00eddico <em>SINPRF-SP<\/em> e nos demais \u00f3rg\u00e3os informativos da entidade.\u00a0 \u00a0\u00a0\u00a0\u00a0\u00a0\u00a0\u00a0\u00a0\u00a0\u00a0\u00a0\u00a0\u00a0\u00a0<\/span><\/p>\n<p><span style=\"font-size: medium;\">\u00a0<\/span><\/p>\n<p><span style=\"font-size: medium;\"><strong>Plant\u00e3o de Atendimento Jur\u00eddico<\/strong><\/span><\/p>\n<p><span style=\"font-size: medium;\"><strong>S\u00e3o Paulo e Grande S\u00e3o Paulo<\/strong><\/span><span style=\"font-size: medium;\"><strong>\u00a0<\/strong><\/span><\/p>\n<p><span style=\"font-size: medium;\"><strong>Telefone: (11) 9.9480-6681<\/strong><\/span><\/p>\n<p><span style=\"font-size: medium;\">\u00a0<\/span><\/p>\n<p><span style=\"font-size: medium;\">\u00a0<\/span><\/p>\n<p>\u00a0<\/p>\n<\/div>\n","protected":false},"excerpt":{"rendered":"<p>REGULAMENTO DE TRABALHO E ATENDIMENTO DOS PROFISSIONAIS DA ADVOCACIA QUE ATUAM NO \u201cDepartamento Jur\u00eddico SINPRF-SP \u00a0 Considerando a imperiosa necessidade de buscar sempre a excel\u00eancia nos servi\u00e7os prestados pela Capano Passafaro Advogados Associados ao SINPRF-SP, tendo especial preocupa\u00e7\u00e3o em bem atender o sindicalizado, raz\u00e3o \u00fanica da exist\u00eancia da Entidade; Considerando que o Departamento Jur\u00eddico SINPRF-SP [&hellip;]<\/p>\n","protected":false},"author":3,"featured_media":14772,"comment_status":"closed","ping_status":"closed","sticky":false,"template":"","format":"standard","meta":{"footnotes":""},"categories":[41],"tags":[],"class_list":["post-14771","post","type-post","status-publish","format-standard","has-post-thumbnail","hentry","category-noticias-em-destaque"],"_links":{"self":[{"href":"https:\/\/sinprfsp.org.br\/index.php\/wp-json\/wp\/v2\/posts\/14771","targetHints":{"allow":["GET"]}}],"collection":[{"href":"https:\/\/sinprfsp.org.br\/index.php\/wp-json\/wp\/v2\/posts"}],"about":[{"href":"https:\/\/sinprfsp.org.br\/index.php\/wp-json\/wp\/v2\/types\/post"}],"author":[{"embeddable":true,"href":"https:\/\/sinprfsp.org.br\/index.php\/wp-json\/wp\/v2\/users\/3"}],"replies":[{"embeddable":true,"href":"https:\/\/sinprfsp.org.br\/index.php\/wp-json\/wp\/v2\/comments?post=14771"}],"version-history":[{"count":1,"href":"https:\/\/sinprfsp.org.br\/index.php\/wp-json\/wp\/v2\/posts\/14771\/revisions"}],"predecessor-version":[{"id":14773,"href":"https:\/\/sinprfsp.org.br\/index.php\/wp-json\/wp\/v2\/posts\/14771\/revisions\/14773"}],"wp:featuredmedia":[{"embeddable":true,"href":"https:\/\/sinprfsp.org.br\/index.php\/wp-json\/wp\/v2\/media\/14772"}],"wp:attachment":[{"href":"https:\/\/sinprfsp.org.br\/index.php\/wp-json\/wp\/v2\/media?parent=14771"}],"wp:term":[{"taxonomy":"category","embeddable":true,"href":"https:\/\/sinprfsp.org.br\/index.php\/wp-json\/wp\/v2\/categories?post=14771"},{"taxonomy":"post_tag","embeddable":true,"href":"https:\/\/sinprfsp.org.br\/index.php\/wp-json\/wp\/v2\/tags?post=14771"}],"curies":[{"name":"wp","href":"https:\/\/api.w.org\/{rel}","templated":true}]}}