{"id":14774,"date":"2015-10-14T12:28:59","date_gmt":"2015-10-14T15:28:59","guid":{"rendered":"https:\/\/mjtom.com.br\/site1\/?p=14774"},"modified":"2022-01-07T12:59:30","modified_gmt":"2022-01-07T15:59:30","slug":"eleicoes-sindicais-registro-da-chapa","status":"publish","type":"post","link":"https:\/\/sinprfsp.org.br\/index.php\/2015\/10\/14\/eleicoes-sindicais-registro-da-chapa\/","title":{"rendered":"Elei\u00e7\u00f5es Sindicais &#8211; Registro da Chapa"},"content":{"rendered":"<div class=\"descricao\">\n<p><span style=\"font-family: arial, helvetica, sans-serif; font-size: medium;\">Foi registrada uma \u00fanica inscri\u00e7\u00e3o de Chapa para as elei\u00e7\u00f5es sindicais no tri\u00eanio 2016\/2018 a se realizar em 25 de novembro de 2015, em Assembleia Geral Extraordin\u00e1ria conforme os termos do Par\u00e1grafo Segundo do Artigo 42 do Estatuto do SINPRF-SP.<\/span><\/p>\n<p><span style=\"font-family: arial, helvetica, sans-serif; font-size: medium;\">Em cumprimento das atribui\u00e7\u00f5es regimentais deste SINPRF-SP, e em aten\u00e7\u00e3o aos termos do Regulamento Eleitoral, damos ampla divulga\u00e7\u00e3o do Registro da Chapa &#8220;Sindicalismo de Vanguarda&#8221; inscrita com os seguintes membros e respectivos cargos, a saber:<\/span><\/p>\n<p>\u00a0<\/p>\n<p><span style=\"font-family: arial, helvetica, sans-serif; font-size: medium;\"><em>Presidente:<\/em><strong> Fabio Luis de Almeida;<\/strong><\/span><\/p>\n<p><span style=\"font-family: arial, helvetica, sans-serif; font-size: medium;\"><em>Vice-Presidente:<\/em><strong> Ot\u00e1vio Jos\u00e9 Cardoso de Oliveira; <\/strong><\/span><\/p>\n<p><span style=\"font-family: arial, helvetica, sans-serif; font-size: medium;\"><em>Diretor de Administra\u00e7\u00e3o Titular: <\/em><strong>Valdomiro Rapini;<\/strong><\/span><\/p>\n<p><span style=\"font-family: arial, helvetica, sans-serif; font-size: medium;\"><em>Diretor de Administra\u00e7\u00e3o Suplente: <\/em><strong>Leandro da Silva Martuscelli;<\/strong><\/span><\/p>\n<p><span style=\"font-family: arial, helvetica, sans-serif; font-size: medium;\"><em>Diretor Financeiro Titular:<\/em><strong> Carlos Alberto Amorim;<\/strong><\/span><\/p>\n<p><span style=\"font-family: arial, helvetica, sans-serif; font-size: medium;\"><em>Diretor Financeiro Suplente: <\/em><strong>Wagner Modesto<\/strong><em>; <\/em><\/span><\/p>\n<p><span style=\"font-family: arial, helvetica, sans-serif; font-size: medium;\"><em>Diretor Jur\u00eddico Titular:<\/em><strong> Sergio Manuel de Castro; <\/strong><\/span><\/p>\n<p><span style=\"font-family: arial, helvetica, sans-serif; font-size: medium;\"><em>Diretor Jur\u00eddico Suplente: <\/em><strong>Den\u00edlson Moura da Silva;<\/strong><\/span><\/p>\n<p><span style=\"font-family: arial, helvetica, sans-serif; font-size: medium;\"><em>Diretor Social Titular:<\/em><strong> Fernando Cesar Cardoso; <\/strong><\/span><\/p>\n<p><span style=\"font-family: arial, helvetica, sans-serif; font-size: medium;\"><em>Diretor Social Suplente: <\/em><strong>Mauro Celso de Oliveira Abdalla;<\/strong><\/span><\/p>\n<p><span style=\"font-family: arial, helvetica, sans-serif; font-size: medium;\"><em>Diretor Parlamentar Titular: <\/em><strong>Marcio Jos\u00e9 Pontes;<\/strong><\/span><\/p>\n<p><span style=\"font-family: arial, helvetica, sans-serif; font-size: medium;\"><em>Diretor Parlamentar Suplente: <\/em><strong>Ricardo Luiz da Silva Gomes<\/strong><em>; <\/em><\/span><\/p>\n<p><span style=\"font-family: arial, helvetica, sans-serif; font-size: medium;\"><em>Diretor de Patrim\u00f4nio Titular: <\/em><strong>Osvaldino Manoel Jovito Filho<\/strong><em>; <\/em><\/span><\/p>\n<p><span style=\"font-family: arial, helvetica, sans-serif; font-size: medium;\"><em>Diretor de Patrim\u00f4nio Suplente: <\/em><strong>Jos\u00e9 Maciel Claro<\/strong><em>; <\/em><\/span><\/p>\n<p><span style=\"font-family: arial, helvetica, sans-serif; font-size: medium;\"><em>Diretor de Eventos Titular: <\/em><strong>Francisco Alencar de Souza<\/strong><em>; <\/em><\/span><\/p>\n<p><span style=\"font-family: arial, helvetica, sans-serif; font-size: medium;\"><em>Diretor de Eventos Suplente: <\/em><strong>Daniel Mataragi Filho<\/strong><em>; <\/em><\/span><\/p>\n<p><span style=\"font-family: arial, helvetica, sans-serif; font-size: medium;\"><em>Diretor de Assist\u00eancia aos Aposentados e Pensionistas Titular:<\/em><strong>Carlos Romeu Penteado<\/strong><em>; <\/em><\/span><\/p>\n<p><span style=\"font-family: arial, helvetica, sans-serif; font-size: medium;\"><em>Diretor de Assist\u00eancia aos Aposentados e Pensionistas Suplente: <\/em><strong>Emilio Carlos Beraldo Lescura<\/strong><em>; <\/em><\/span><\/p>\n<p><span style=\"font-family: arial, helvetica, sans-serif; font-size: medium;\"><em>Diretor de Comunica\u00e7\u00e3o Social Titular:<\/em><strong>Dirceu de Castro Filho<\/strong><em>; <\/em><\/span><\/p>\n<p><span style=\"font-family: arial, helvetica, sans-serif; font-size: medium;\"><em>Diretor de Comunica\u00e7\u00e3o Social Suplente: <\/em><strong>Fabio Moraes<\/strong><em>; <\/em><\/span><\/p>\n<p><span style=\"font-family: arial, helvetica, sans-serif; font-size: medium;\"><em>Delegado Representante Titular na FenaPRF: <\/em><strong>Marcos de Jesus Viana<\/strong><em>; <\/em><\/span><\/p>\n<p><span style=\"font-size: medium;\"><span style=\"font-family: arial, helvetica, sans-serif;\"><em>Deleg<\/em><\/span><span style=\"font-family: arial, helvetica, sans-serif;\"><em>ado Representante Suplente na FenaPRF<\/em><\/span><span style=\"font-family: arial, helvetica, sans-serif;\">: <strong>Leandro Henrique de S\u00e1 Muniz<\/strong>.<\/span><\/span><\/p>\n<p>\u00a0<\/p>\n<p><span style=\"font-size: medium;\">Nos termos regimentais do Estatuto do SINPRF-SP, o prazo previsto no Artigo 53 passa a contar a partir da data do registro da Chapa, ou seja, 14 de outubro de 2015.<\/span><\/p>\n<p>\u00a0<\/p>\n<\/div>\n","protected":false},"excerpt":{"rendered":"<p>Foi registrada uma \u00fanica inscri\u00e7\u00e3o de Chapa para as elei\u00e7\u00f5es sindicais no tri\u00eanio 2016\/2018 a se realizar em 25 de novembro de 2015, em Assembleia Geral Extraordin\u00e1ria conforme os termos do Par\u00e1grafo Segundo do Artigo 42 do Estatuto do SINPRF-SP. Em cumprimento das atribui\u00e7\u00f5es regimentais deste SINPRF-SP, e em aten\u00e7\u00e3o aos termos do Regulamento Eleitoral, [&hellip;]<\/p>\n","protected":false},"author":3,"featured_media":14775,"comment_status":"closed","ping_status":"closed","sticky":false,"template":"","format":"standard","meta":{"footnotes":""},"categories":[41],"tags":[],"class_list":["post-14774","post","type-post","status-publish","format-standard","has-post-thumbnail","hentry","category-noticias-em-destaque"],"_links":{"self":[{"href":"https:\/\/sinprfsp.org.br\/index.php\/wp-json\/wp\/v2\/posts\/14774","targetHints":{"allow":["GET"]}}],"collection":[{"href":"https:\/\/sinprfsp.org.br\/index.php\/wp-json\/wp\/v2\/posts"}],"about":[{"href":"https:\/\/sinprfsp.org.br\/index.php\/wp-json\/wp\/v2\/types\/post"}],"author":[{"embeddable":true,"href":"https:\/\/sinprfsp.org.br\/index.php\/wp-json\/wp\/v2\/users\/3"}],"replies":[{"embeddable":true,"href":"https:\/\/sinprfsp.org.br\/index.php\/wp-json\/wp\/v2\/comments?post=14774"}],"version-history":[{"count":1,"href":"https:\/\/sinprfsp.org.br\/index.php\/wp-json\/wp\/v2\/posts\/14774\/revisions"}],"predecessor-version":[{"id":14776,"href":"https:\/\/sinprfsp.org.br\/index.php\/wp-json\/wp\/v2\/posts\/14774\/revisions\/14776"}],"wp:featuredmedia":[{"embeddable":true,"href":"https:\/\/sinprfsp.org.br\/index.php\/wp-json\/wp\/v2\/media\/14775"}],"wp:attachment":[{"href":"https:\/\/sinprfsp.org.br\/index.php\/wp-json\/wp\/v2\/media?parent=14774"}],"wp:term":[{"taxonomy":"category","embeddable":true,"href":"https:\/\/sinprfsp.org.br\/index.php\/wp-json\/wp\/v2\/categories?post=14774"},{"taxonomy":"post_tag","embeddable":true,"href":"https:\/\/sinprfsp.org.br\/index.php\/wp-json\/wp\/v2\/tags?post=14774"}],"curies":[{"name":"wp","href":"https:\/\/api.w.org\/{rel}","templated":true}]}}