{"id":14780,"date":"2015-09-30T12:29:07","date_gmt":"2015-09-30T15:29:07","guid":{"rendered":"https:\/\/mjtom.com.br\/site1\/?p=14780"},"modified":"2022-01-07T12:59:29","modified_gmt":"2022-01-07T15:59:29","slug":"eleicoes-2015","status":"publish","type":"post","link":"https:\/\/sinprfsp.org.br\/index.php\/2015\/09\/30\/eleicoes-2015\/","title":{"rendered":"ELEI\u00c7\u00d5ES 2015"},"content":{"rendered":"<div class=\"descricao\">\n<p style=\"text-align: justify;\"><span style=\"font-size: medium;\">Prezados Colegas Sindicalizados,<\/span><\/p>\n<p style=\"text-align: justify;\"><span style=\"font-size: medium;\">\u00a0<\/span><\/p>\n<p style=\"text-align: justify;\"><span style=\"font-size: medium;\">Foi publicado no Di\u00e1rio Oficial do Estado, na edi\u00e7\u00e3o de 26 de setembro de 2015, o EDITAL DE CONVOCA\u00c7\u00c3O, datado de 25 de setembro de 2015, convocando os sindicalizados (PRFs da ativa e aposentados, bem como pensionistas sindicalizadas) para a Elei\u00e7\u00e3o Sindical que eleger\u00e1 a nova administra\u00e7\u00e3o do SINPRF-SP para o tri\u00eanio 2016\/2018.<\/span><\/p>\n<p style=\"text-align: justify;\"><span style=\"font-size: medium;\">Sob a \u00e9gide do novo Estatuto algumas quest\u00f5es ainda s\u00e3o novidade e por uma d\u00favida na interpreta\u00e7\u00e3o do novo texto ocorreu uma diverg\u00eancia sobre a elei\u00e7\u00e3o dos membros dos Conselhos de \u00c9tica e Fiscal, que foi sanada posteriormente e em consequ\u00eancia disto o Edital de Convoca\u00e7\u00e3o\u00a0<strong>foi devidamente retificado<\/strong>\u00a0no dia 28 de setembro de 2015 e publicado nesta data, 30 de setembro de 2015, no Di\u00e1rio Oficial do Estado. Os Membros dos Conselhos de \u00c9tica e Fiscal ser\u00e3o eleitos, em elei\u00e7\u00e3o pr\u00f3pria, em 180 (cento e oitenta) dias a contar da posse da Diretoria Executiva eleita neste pleito, conforme previs\u00e3o estatut\u00e1ria.<\/span><\/p>\n<p style=\"text-align: justify;\"><span style=\"font-size: medium;\">Com a devida retifica\u00e7\u00e3o, a elei\u00e7\u00e3o se dar\u00e1 apenas para a Diretoria Executiva e acontecer\u00e1 no dia\u00a0<strong>25 DE NOVEMBRO DE 2015<\/strong>, das 8:00 as 17:00 horas, nos locais a serem definidos pela Comiss\u00e3o Eleitoral. Conforme definido na Assembleia Geral Extraordin\u00e1ria de 22 de setembro de 2015, cada chapa inscrita indicar\u00e1 o nome do Delegado Representante na FENAPRF e seu suplente no momento da inscri\u00e7\u00e3o.<\/span><\/p>\n<p style=\"text-align: justify;\"><span style=\"font-size: medium;\">O per\u00edodo de inscri\u00e7\u00e3o das chapas iniciou-se no dia 26 de setembro de 2015 e ir\u00e1 encerrar-se as 17:00 horas do dia 13 de outubro de 2015, e todas as informa\u00e7\u00f5es, inclusive os formul\u00e1rios pr\u00f3prios para inscri\u00e7\u00e3o das chapas, poder\u00e3o ser obtidas na Secretaria do SINPRF-SP de segunda a sexta-feira, das 8:00 as 17:00 horas.<\/span><\/p>\n<p style=\"text-align: justify;\"><span style=\"font-size: medium;\">A Comiss\u00e3o Eleitoral nomeada se reuniar\u00e1 e emitir\u00e1 o Regulamento Eleitoral disciplinando locais para vota\u00e7\u00e3o e regramento pr\u00f3prio para este pleito, e eventuais d\u00favidas devem ser encaminhadas via email para\u00a0<a href=\"mailto:secretaria@sinprfsp.com.br\" target=\"_blank\" rel=\"noopener\">secretaria@sinprfsp.com.br<\/a>\u00a0.<\/span><\/p>\n<p style=\"text-align: justify;\"><span style=\"font-size: medium;\">Esperamos a participa\u00e7\u00e3o de todos os sindicalizados nesta elei\u00e7\u00e3o, quer seja concorrendo com uma chapa para a Diretoria Executiva, ou simplesmente participando da vota\u00e7\u00e3o no dia 25 de novembro de 2015. A participa\u00e7\u00e3o dos sindicalizados nas elei\u00e7\u00f5es \u00e9 muito importante para todos porque \u00e9 nesse momento que se d\u00e1 o seu direito de escolha sobre quem ir\u00e1 gerir a entidade de classe at\u00e9 2018.<\/span><\/p>\n<p style=\"text-align: justify;\"><span style=\"font-size: medium;\">Participe!!!<\/span><\/p>\n<p style=\"text-align: justify;\"><span style=\"font-size: medium;\">\u00a0<\/span><\/p>\n<p style=\"text-align: justify;\"><span style=\"font-size: medium;\">Marcos de J. Viana<\/span><\/p>\n<p style=\"text-align: justify;\"><span style=\"font-size: medium;\">Presidente do SINPRF-SP<\/span><\/p>\n<p style=\"text-align: justify;\"><span style=\"font-size: medium;\">\u00a0<\/span><\/p>\n<p>\u00a0<\/p>\n<p>\u00a0<\/p>\n<\/div>\n","protected":false},"excerpt":{"rendered":"<p>Prezados Colegas Sindicalizados, \u00a0 Foi publicado no Di\u00e1rio Oficial do Estado, na edi\u00e7\u00e3o de 26 de setembro de 2015, o EDITAL DE CONVOCA\u00c7\u00c3O, datado de 25 de setembro de 2015, convocando os sindicalizados (PRFs da ativa e aposentados, bem como pensionistas sindicalizadas) para a Elei\u00e7\u00e3o Sindical que eleger\u00e1 a nova administra\u00e7\u00e3o do SINPRF-SP para o [&hellip;]<\/p>\n","protected":false},"author":3,"featured_media":14781,"comment_status":"closed","ping_status":"closed","sticky":false,"template":"","format":"standard","meta":{"footnotes":""},"categories":[41],"tags":[],"class_list":["post-14780","post","type-post","status-publish","format-standard","has-post-thumbnail","hentry","category-noticias-em-destaque"],"_links":{"self":[{"href":"https:\/\/sinprfsp.org.br\/index.php\/wp-json\/wp\/v2\/posts\/14780","targetHints":{"allow":["GET"]}}],"collection":[{"href":"https:\/\/sinprfsp.org.br\/index.php\/wp-json\/wp\/v2\/posts"}],"about":[{"href":"https:\/\/sinprfsp.org.br\/index.php\/wp-json\/wp\/v2\/types\/post"}],"author":[{"embeddable":true,"href":"https:\/\/sinprfsp.org.br\/index.php\/wp-json\/wp\/v2\/users\/3"}],"replies":[{"embeddable":true,"href":"https:\/\/sinprfsp.org.br\/index.php\/wp-json\/wp\/v2\/comments?post=14780"}],"version-history":[{"count":1,"href":"https:\/\/sinprfsp.org.br\/index.php\/wp-json\/wp\/v2\/posts\/14780\/revisions"}],"predecessor-version":[{"id":14782,"href":"https:\/\/sinprfsp.org.br\/index.php\/wp-json\/wp\/v2\/posts\/14780\/revisions\/14782"}],"wp:featuredmedia":[{"embeddable":true,"href":"https:\/\/sinprfsp.org.br\/index.php\/wp-json\/wp\/v2\/media\/14781"}],"wp:attachment":[{"href":"https:\/\/sinprfsp.org.br\/index.php\/wp-json\/wp\/v2\/media?parent=14780"}],"wp:term":[{"taxonomy":"category","embeddable":true,"href":"https:\/\/sinprfsp.org.br\/index.php\/wp-json\/wp\/v2\/categories?post=14780"},{"taxonomy":"post_tag","embeddable":true,"href":"https:\/\/sinprfsp.org.br\/index.php\/wp-json\/wp\/v2\/tags?post=14780"}],"curies":[{"name":"wp","href":"https:\/\/api.w.org\/{rel}","templated":true}]}}