{"id":14786,"date":"2015-08-17T12:29:14","date_gmt":"2015-08-17T15:29:14","guid":{"rendered":"https:\/\/mjtom.com.br\/site1\/?p=14786"},"modified":"2022-01-07T12:59:29","modified_gmt":"2022-01-07T15:59:29","slug":"plano-odontologico-uniodonto-sinprf-sp","status":"publish","type":"post","link":"https:\/\/sinprfsp.org.br\/index.php\/2015\/08\/17\/plano-odontologico-uniodonto-sinprf-sp\/","title":{"rendered":"Plano Odontol\u00f3gico UNIODONTO\/SINPRF-SP"},"content":{"rendered":"<div class=\"descricao\">\n<p class=\"Standard\" style=\"text-align: justify;\"><span style=\"font-size: medium;\">O SINPRF-SP acaba de firmar mais uma parceria e a partir de agora nosso sindicalizado poder\u00e1 ter acesso ao Plano Odontol\u00f3gico da UNIODONTO, a maior rede de atendimento em planos odontol\u00f3gicos do pa\u00eds, que, organizados em 130 cooperativas regionais, consolidou o atendimento a 3.000.000 usu\u00e1rios em todo o Brasil. Gra\u00e7as ao sistema cooperativista a Uniodonto \u2013 Planos Odontol\u00f3gicos e o Sindicato de S\u00e3o Paulo conseguem eliminar intermedi\u00e1rios e oferecer servi\u00e7os de qualidade a um pre\u00e7o justo.<\/span><\/p>\n<p class=\"Standard\" style=\"text-align: justify;\"><span style=\"font-size: medium;\">O novo conv\u00eanio assinado pela Diretoria do Sindicato coloca \u00e0 disposi\u00e7\u00e3o do PRF e seus dependentes um conv\u00eanio odontol\u00f3gico nos moldes da Lei n\u00ba 9.656\/1998, com todas as coberturas previstas pela Resolu\u00e7\u00e3o Normativa da ANS n\u00ba 338\/2013. Como dependentes do sindicalizado, para fins do plano odontol\u00f3gico, s\u00e3o considerados: o c\u00f4njuge; o companheiro(a); os filhos; o enteado, o menor sob a guarda por for\u00e7a de decis\u00e3o judicial e o menor tutelado, que ficam equiparados aos filhos; os netos e bisnetos; os irm\u00e3os; os pais, av\u00f3s e bisav\u00f3s; os tios e os sobrinhos; os sogros; os genros e as noras; os cunhados; os padrastos\/madrastas.<\/span><\/p>\n<p class=\"Standard\" style=\"text-align: justify;\"><span style=\"font-size: medium;\">O nosso Plano da UNIODONTO ser\u00e1 comercializado por nossa parceira Rose, j\u00e1 conhecida pelo Plano M\u00e9dico de Sa\u00fade da Unimed FESP (parceria que j\u00e1 completa 9 anos), por meio dos seus contatos: <a href=\"mailto:rose@corretoravita.com.br\">rose@corretoravita.com.br<\/a> &#8211; Whatsapp: 14-99633-1033 (Vivo) &#8211; Tel.: 14-98112-1912 (Tim).<\/span><\/p>\n<p class=\"Standard\" style=\"text-align: justify;\"><span style=\"font-size: medium;\">O Plano est\u00e1 dividido em dois n\u00edveis de coberturas. Um, no valor de <strong>R$ 16,20<\/strong> por pessoa, que contempla todo o rol da ANS com exce\u00e7\u00e3o do tratamento ortod\u00f4ntico (coloca\u00e7\u00e3o e manuten\u00e7\u00e3o de aparelhos), e outro, com cobertura de Ortodontia, no valor de <strong>R$ 78,00<\/strong>. Em ambos h\u00e1 uma taxa de ades\u00e3o no valor da primeira mensalidade, tamb\u00e9m por pessoa, e as ades\u00f5es at\u00e9 dia 18 de Setembro, com vig\u00eancia para dia 1\u00ba de Outubro, entram com <strong>CAR\u00caNCIA ZERO<\/strong>.<\/span><\/p>\n<p class=\"Standard\" style=\"text-align: justify;\"><span style=\"font-size: medium;\">\u00c9 importante a ades\u00e3o dos colegas j\u00e1 neste primeiro m\u00eas, pois ap\u00f3s esta fase inicial de divulga\u00e7\u00e3o as car\u00eancias passam a ser de 180 dias (exclu\u00edda a utiliza\u00e7\u00e3o do plant\u00e3o para urg\u00eancia ou emerg\u00eancia que tem sempre car\u00eancia de 24 horas ap\u00f3s a efetiva\u00e7\u00e3o da ades\u00e3o).<\/span><\/p>\n<p class=\"Standard\" style=\"text-align: justify;\"><span style=\"font-size: medium;\">Tamb\u00e9m depois deste per\u00edodo inicial, permanece a car\u00eancia zero para aqueles que acabaram de ingress\u00e3o na Pol\u00edcia, para a inclus\u00e3o de c\u00f4njuge, e de filhos rec\u00e9m-nascidos ou adotados, sempre nos 30 dias seguintes ao ocorrido, e ap\u00f3s este prazo, fica valendo a car\u00eancia geral de 180 dias.<\/span><\/p>\n<p class=\"Standard\" style=\"text-align: justify;\"><span style=\"font-size: medium;\">A perman\u00eancia m\u00ednima no plano \u00e9 de 12 meses, n\u00e3o importando se o titular ou dependente utilizou o plano ou n\u00e3o, e caso o benefici\u00e1rio queira sair do plano antes deste per\u00edodo m\u00ednimo de perman\u00eancia, haver\u00e1 a cobran\u00e7a de multa no valor de 50% das mensalidades que faltam para completar 12 meses.<\/span><\/p>\n<p class=\"Standard\" style=\"text-align: justify;\"><span style=\"font-size: medium;\"><strong>Ades\u00e3o<\/strong><\/span><\/p>\n<p class=\"Standard\" style=\"text-align: justify;\"><span style=\"font-size: medium;\">Para aderir ao plano basta preencher o termo de ades\u00e3o no link abaixo, assinar e encaminhar por e-mail para o endere\u00e7o <a href=\"mailto:rose@corretoravita.com.br\">rose@corretoravita.com.br<\/a> junto com uma c\u00f3pia da funcional do sindicalizado e dos documentos pessoais dos dependentes (RG, CNH, ou certid\u00e3o de nascimentos para dependentes menores de idade). O termo de ades\u00e3o tamb\u00e9m esta dispon\u00edvel na \u00e1rea de Arquivos do Grupo do Facebook \u201cRose Unimed\u201d: https:\/\/www.facebook.com\/groups\/roseunimed\/<\/span><\/p>\n<p class=\"Standard\" style=\"text-align: justify;\"><span style=\"font-size: medium;\"><strong>Valores<\/strong><\/span><\/p>\n<p class=\"Standard\" style=\"text-align: justify;\"><span style=\"font-size: medium;\">Plano Onix: R$ 16,20 (Toda a cobertura da ANS, menos o tratamento ortod\u00f4ntico)<\/span><\/p>\n<p class=\"Standard\" style=\"text-align: justify;\"><span style=\"font-size: medium;\">Plano Turmalina: R$ 78,00 (Toda a cobertura da ANS, inclusive tratamento ortod\u00f4ntico)<\/span><\/p>\n<p class=\"Standard\" style=\"text-align: justify;\"><span style=\"font-size: medium;\">Taxa de ades\u00e3o = 100% da primeira mensalidade<\/span><\/p>\n<p class=\"Standard\" style=\"text-align: justify;\"><span style=\"font-size: medium;\"><strong>Como utilizar o plano UNIODONTO<\/strong><\/span><\/p>\n<p class=\"Standard\" style=\"text-align: justify;\"><span style=\"font-size: medium;\">&#8211; Encontre um dentista cooperado de sua prefer\u00eancia (consultando a p\u00e1gina www.uniodonto.com.br\/encontre-um-dentista ou o manual do usu\u00e1rio entregue junto com a carteirinha, ou ainda baixando o APP UNIODONTO MOBILE);<\/span><\/p>\n<p class=\"Standard\" style=\"text-align: justify;\"><span style=\"font-size: medium;\">&#8211; Agende sua consulta;<\/span><\/p>\n<p class=\"Standard\" style=\"text-align: justify;\"><span style=\"font-size: medium;\">&#8211; Na hora da primeira consulta \u00e9 necess\u00e1ria a apresenta\u00e7\u00e3o da carteirinha de benefici\u00e1rio e de um documento de identidade com foto;<\/span><\/p>\n<p class=\"Standard\" style=\"text-align: justify;\"><span style=\"font-size: medium;\">&#8211; Para a realiza\u00e7\u00e3o dos atos cobertos pelo plano, o dentista far\u00e1 o lan\u00e7amento dos tratamentos a serem realizados no sistema da UNIODONTO, via internet, recebendo em seguida a autoriza\u00e7\u00e3o para a realiza\u00e7\u00e3o;<\/span><\/p>\n<p class=\"Standard\" style=\"text-align: justify;\"><span style=\"font-size: medium;\">&#8211; Caso haja algum ato n\u00e3o cobertos pelo plano, como o implante dent\u00e1rio, o dentista apresentar\u00e1 ao benefici\u00e1rio os valores cobrados, os quais podem ser pagos parceladamente, sempre de acordo com a tabela de atos da UNIODONTO local.<\/span><\/p>\n<p class=\"Standard\" style=\"text-align: justify;\"><span style=\"font-size: medium;\"><strong>Coberturas<\/strong><\/span><\/p>\n<p class=\"Standard\" style=\"text-align: justify;\"><span style=\"font-size: medium;\">O Plano Odontol\u00f3gico \u2013 UNIODONTO tem a cobertura prevista no Anexo da Resolu\u00e7\u00e3o Normativa da ANS n\u00ba 338\/2013. Para facilitar a consulta aos procedimentos, uma lista completa esta disponibilizada tamb\u00e9m no Grupo \u201cRose Unimed\u201d do Face, ou pode ser solicitada por email.<\/span><\/p>\n<p class=\"Standard\" style=\"text-align: justify;\"><span style=\"font-size: medium;\">\u00a0<\/span><\/p>\n<p class=\"Standard\" style=\"text-align: justify;\">\u00a0<\/p>\n<\/div>\n","protected":false},"excerpt":{"rendered":"<p>O SINPRF-SP acaba de firmar mais uma parceria e a partir de agora nosso sindicalizado poder\u00e1 ter acesso ao Plano Odontol\u00f3gico da UNIODONTO, a maior rede de atendimento em planos odontol\u00f3gicos do pa\u00eds, que, organizados em 130 cooperativas regionais, consolidou o atendimento a 3.000.000 usu\u00e1rios em todo o Brasil. Gra\u00e7as ao sistema cooperativista a Uniodonto [&hellip;]<\/p>\n","protected":false},"author":3,"featured_media":14787,"comment_status":"closed","ping_status":"closed","sticky":false,"template":"","format":"standard","meta":{"footnotes":""},"categories":[41],"tags":[],"class_list":["post-14786","post","type-post","status-publish","format-standard","has-post-thumbnail","hentry","category-noticias-em-destaque"],"_links":{"self":[{"href":"https:\/\/sinprfsp.org.br\/index.php\/wp-json\/wp\/v2\/posts\/14786","targetHints":{"allow":["GET"]}}],"collection":[{"href":"https:\/\/sinprfsp.org.br\/index.php\/wp-json\/wp\/v2\/posts"}],"about":[{"href":"https:\/\/sinprfsp.org.br\/index.php\/wp-json\/wp\/v2\/types\/post"}],"author":[{"embeddable":true,"href":"https:\/\/sinprfsp.org.br\/index.php\/wp-json\/wp\/v2\/users\/3"}],"replies":[{"embeddable":true,"href":"https:\/\/sinprfsp.org.br\/index.php\/wp-json\/wp\/v2\/comments?post=14786"}],"version-history":[{"count":1,"href":"https:\/\/sinprfsp.org.br\/index.php\/wp-json\/wp\/v2\/posts\/14786\/revisions"}],"predecessor-version":[{"id":14788,"href":"https:\/\/sinprfsp.org.br\/index.php\/wp-json\/wp\/v2\/posts\/14786\/revisions\/14788"}],"wp:featuredmedia":[{"embeddable":true,"href":"https:\/\/sinprfsp.org.br\/index.php\/wp-json\/wp\/v2\/media\/14787"}],"wp:attachment":[{"href":"https:\/\/sinprfsp.org.br\/index.php\/wp-json\/wp\/v2\/media?parent=14786"}],"wp:term":[{"taxonomy":"category","embeddable":true,"href":"https:\/\/sinprfsp.org.br\/index.php\/wp-json\/wp\/v2\/categories?post=14786"},{"taxonomy":"post_tag","embeddable":true,"href":"https:\/\/sinprfsp.org.br\/index.php\/wp-json\/wp\/v2\/tags?post=14786"}],"curies":[{"name":"wp","href":"https:\/\/api.w.org\/{rel}","templated":true}]}}