{"id":14789,"date":"2015-07-23T12:29:17","date_gmt":"2015-07-23T15:29:17","guid":{"rendered":"https:\/\/mjtom.com.br\/site1\/?p=14789"},"modified":"2022-01-07T12:59:29","modified_gmt":"2022-01-07T15:59:29","slug":"aprovado-estado-de-greve","status":"publish","type":"post","link":"https:\/\/sinprfsp.org.br\/index.php\/2015\/07\/23\/aprovado-estado-de-greve\/","title":{"rendered":"APROVADO ESTADO DE GREVE"},"content":{"rendered":"<div class=\"descricao\">\n<p style=\"text-align: justify;\"><span style=\"font-family: arial, helvetica, sans-serif; font-size: large;\">PRFs de S\u00e3o Paulo aprovam por unanimidade o ESTADO DE GREVE<\/span><\/p>\n<p style=\"text-align: justify;\"><span style=\"font-family: arial, helvetica, sans-serif; font-size: large;\">Em Assembleia Geral Extraordin\u00e1ria \u2013 AGE do SINPRF-SP realizada no dia 23 de Julho, Dia do Policial Rodovi\u00e1rio Federal, e enquanto o F\u00e1bio Lu\u00eds de Almeida, Vice-Presidente do nosso Sindicato, enfrentava em Bras\u00edlia mais uma rodada da mesa de negocia\u00e7\u00f5es com Governo, o efetivo de S\u00e3o Paulo aprovou o Estado de Greve.<\/span><\/p>\n<p style=\"text-align: justify;\"><span style=\"font-family: arial, helvetica, sans-serif; font-size: large;\">Ap\u00f3s a explana\u00e7\u00e3o do Presidente do Sindicato, Marcos, sobre nossa Reestrutura\u00e7\u00e3o e explica\u00e7\u00f5es do Delegado no conselho de Representantes da FenaPRF, Ot\u00e1vio,\u00a0 sobre o significado de avan\u00e7armos para um Estado de Greve neste momento da negocia\u00e7\u00e3o, a Assembleia aprovou a medida por unanimidade, colocando S\u00e3o Paulo entre os Estados que j\u00e1 realizaram esta etapa da mobiliza\u00e7\u00e3o. A AGE foi ent\u00e3o suspensa, para que, a qualquer momento, possamos retoma-la para reavaliar a conjuntura e a correla\u00e7\u00e3o de for\u00e7as, avan\u00e7ando nas medidas se necess\u00e1rio.<\/span><\/p>\n<p style=\"text-align: justify;\"><span style=\"font-family: arial, helvetica, sans-serif; font-size: large;\">A Assembleia foi realizada nas depend\u00eancias do Centro de Treinamento de Cachoeira Paulista, local que facilitou o deslocamento dos colegas lotados ao longo da Rodovia Presidente Dutra, sendo ao mesmo tempo uma regi\u00e3o de grande presen\u00e7a de colegas Aposentados, colegas que, historicamente, tem feito a diferen\u00e7a em nossas campanhas e reivindica\u00e7\u00f5es. Gra\u00e7as \u00e0 Paridade nos vencimentos entre ativos e aposentados, a luta pela Reestrutura\u00e7\u00e3o do Cargo como Carreira T\u00edpica de Estado \u00e9 uma luta de todos.<\/span><\/p>\n<p style=\"text-align: justify;\"><span style=\"font-family: arial, helvetica, sans-serif; font-size: large;\">Vamos continuar indo \u00e0s Delegacias para apresentar e discutir o trabalho elaborado pelo Eixo T\u00e9cnico da Comiss\u00e3o Nacional de Mobiliza\u00e7\u00e3o, e divulgar as estrat\u00e9gias de a\u00e7\u00e3o propostas pela FenaPRF e pelos SinPRFs. Sabemos que nossa Valoriza\u00e7\u00e3o, embora justa, n\u00e3o vir\u00e1 sem luta, e a uni\u00e3o de todos \u00e9 a \u00fanica forma de mostrar ao Governo que n\u00e3o vamos mais aceitar tratamento discriminat\u00f3rio.<\/span><\/p>\n<p style=\"text-align: justify;\"><span style=\"font-family: arial, helvetica, sans-serif; font-size: large;\">Seguimos na batalha.<\/span><\/p>\n<p style=\"text-align: justify;\"><span style=\"font-family: arial, helvetica, sans-serif; font-size: large;\">#Valorizar o PRF \u00e9 preciso.<\/span><\/p>\n<p style=\"text-align: justify;\"><span style=\"font-family: arial, helvetica, sans-serif; font-size: large;\">\u00a0<\/span><\/p>\n<\/div>\n","protected":false},"excerpt":{"rendered":"<p>PRFs de S\u00e3o Paulo aprovam por unanimidade o ESTADO DE GREVE Em Assembleia Geral Extraordin\u00e1ria \u2013 AGE do SINPRF-SP realizada no dia 23 de Julho, Dia do Policial Rodovi\u00e1rio Federal, e enquanto o F\u00e1bio Lu\u00eds de Almeida, Vice-Presidente do nosso Sindicato, enfrentava em Bras\u00edlia mais uma rodada da mesa de negocia\u00e7\u00f5es com Governo, o efetivo [&hellip;]<\/p>\n","protected":false},"author":3,"featured_media":14790,"comment_status":"closed","ping_status":"closed","sticky":false,"template":"","format":"standard","meta":{"footnotes":""},"categories":[41],"tags":[],"class_list":["post-14789","post","type-post","status-publish","format-standard","has-post-thumbnail","hentry","category-noticias-em-destaque"],"_links":{"self":[{"href":"https:\/\/sinprfsp.org.br\/index.php\/wp-json\/wp\/v2\/posts\/14789","targetHints":{"allow":["GET"]}}],"collection":[{"href":"https:\/\/sinprfsp.org.br\/index.php\/wp-json\/wp\/v2\/posts"}],"about":[{"href":"https:\/\/sinprfsp.org.br\/index.php\/wp-json\/wp\/v2\/types\/post"}],"author":[{"embeddable":true,"href":"https:\/\/sinprfsp.org.br\/index.php\/wp-json\/wp\/v2\/users\/3"}],"replies":[{"embeddable":true,"href":"https:\/\/sinprfsp.org.br\/index.php\/wp-json\/wp\/v2\/comments?post=14789"}],"version-history":[{"count":1,"href":"https:\/\/sinprfsp.org.br\/index.php\/wp-json\/wp\/v2\/posts\/14789\/revisions"}],"predecessor-version":[{"id":14791,"href":"https:\/\/sinprfsp.org.br\/index.php\/wp-json\/wp\/v2\/posts\/14789\/revisions\/14791"}],"wp:featuredmedia":[{"embeddable":true,"href":"https:\/\/sinprfsp.org.br\/index.php\/wp-json\/wp\/v2\/media\/14790"}],"wp:attachment":[{"href":"https:\/\/sinprfsp.org.br\/index.php\/wp-json\/wp\/v2\/media?parent=14789"}],"wp:term":[{"taxonomy":"category","embeddable":true,"href":"https:\/\/sinprfsp.org.br\/index.php\/wp-json\/wp\/v2\/categories?post=14789"},{"taxonomy":"post_tag","embeddable":true,"href":"https:\/\/sinprfsp.org.br\/index.php\/wp-json\/wp\/v2\/tags?post=14789"}],"curies":[{"name":"wp","href":"https:\/\/api.w.org\/{rel}","templated":true}]}}