{"id":14800,"date":"2015-07-07T12:30:38","date_gmt":"2015-07-07T15:30:38","guid":{"rendered":"https:\/\/mjtom.com.br\/site1\/?p=14800"},"modified":"2022-01-07T12:59:29","modified_gmt":"2022-01-07T15:59:29","slug":"convocacao-para-age","status":"publish","type":"post","link":"https:\/\/sinprfsp.org.br\/index.php\/2015\/07\/07\/convocacao-para-age\/","title":{"rendered":"CONVOCA\u00c7\u00c3O PARA AGE"},"content":{"rendered":"<div class=\"descricao\">\n<p>\u00a0<\/p>\n<p><span style=\"font-size: medium;\"><img decoding=\"async\" title=\"convoca\u00e7\u00e3o\" src=\"https:\/\/mjtom.com.br\/site1\/wp-content\/uploads\/2021\/10\/convocacao-para-age_6179709d049f0.jpeg\" alt=\"convoca\u00e7\u00e3o\"><\/span><\/p>\n<p><span style=\"font-size: medium;\">Caros amigos,\u00a0<\/span><\/p>\n<p><span style=\"font-size: medium;\">publicamos nosso Edital de Convoca\u00e7\u00e3o para Assembleia Geral Extraordinaria, cuja pauta unica ser\u00e1 GREVE.<\/span><\/p>\n<p><span style=\"font-size: medium;\">A AGE ser\u00e1 realizada em 23\/07\/2015 em Cachoeira Paulista na Sede da 8\u00aa Delegacia PRF.<span class=\"text_exposed_show\"><\/p>\n<p>A Descentraliza\u00e7\u00e3o de nossas AGEs visa buscar maior participa\u00e7\u00e3o dos filiados e divulgar todas as a\u00e7\u00f5es planejadas pela Coordena\u00e7\u00e3o da Campanha Salarial<\/p>\n<p>Esclarecemos ainda que seguimos a orienta\u00e7\u00e3o da Coordena\u00e7\u00e3o nacional da campanha Salarial e visa nos amparar legalmente. Estamos conduzindo todo o processo com toda lisura e profissionalismo visando o bem estar de todos e defendendo os interesses da nossa categoria, segundo planejamento do Sistema Sindical Nacional.<\/span><\/span><\/p>\n<p>\u00a0<\/p>\n<p><span style=\"font-size: medium;\">Contamos com a presen\u00e7a de todos.<\/span><\/p>\n<p>\u00a0<\/p>\n<\/div>\n","protected":false},"excerpt":{"rendered":"<p>\u00a0 Caros amigos,\u00a0 publicamos nosso Edital de Convoca\u00e7\u00e3o para Assembleia Geral Extraordinaria, cuja pauta unica ser\u00e1 GREVE. A AGE ser\u00e1 realizada em 23\/07\/2015 em Cachoeira Paulista na Sede da 8\u00aa Delegacia PRF. A Descentraliza\u00e7\u00e3o de nossas AGEs visa buscar maior participa\u00e7\u00e3o dos filiados e divulgar todas as a\u00e7\u00f5es planejadas pela Coordena\u00e7\u00e3o da Campanha Salarial Esclarecemos [&hellip;]<\/p>\n","protected":false},"author":3,"featured_media":14801,"comment_status":"closed","ping_status":"closed","sticky":false,"template":"","format":"standard","meta":{"footnotes":""},"categories":[41],"tags":[],"class_list":["post-14800","post","type-post","status-publish","format-standard","has-post-thumbnail","hentry","category-noticias-em-destaque"],"_links":{"self":[{"href":"https:\/\/sinprfsp.org.br\/index.php\/wp-json\/wp\/v2\/posts\/14800","targetHints":{"allow":["GET"]}}],"collection":[{"href":"https:\/\/sinprfsp.org.br\/index.php\/wp-json\/wp\/v2\/posts"}],"about":[{"href":"https:\/\/sinprfsp.org.br\/index.php\/wp-json\/wp\/v2\/types\/post"}],"author":[{"embeddable":true,"href":"https:\/\/sinprfsp.org.br\/index.php\/wp-json\/wp\/v2\/users\/3"}],"replies":[{"embeddable":true,"href":"https:\/\/sinprfsp.org.br\/index.php\/wp-json\/wp\/v2\/comments?post=14800"}],"version-history":[{"count":1,"href":"https:\/\/sinprfsp.org.br\/index.php\/wp-json\/wp\/v2\/posts\/14800\/revisions"}],"predecessor-version":[{"id":14803,"href":"https:\/\/sinprfsp.org.br\/index.php\/wp-json\/wp\/v2\/posts\/14800\/revisions\/14803"}],"wp:featuredmedia":[{"embeddable":true,"href":"https:\/\/sinprfsp.org.br\/index.php\/wp-json\/wp\/v2\/media\/14801"}],"wp:attachment":[{"href":"https:\/\/sinprfsp.org.br\/index.php\/wp-json\/wp\/v2\/media?parent=14800"}],"wp:term":[{"taxonomy":"category","embeddable":true,"href":"https:\/\/sinprfsp.org.br\/index.php\/wp-json\/wp\/v2\/categories?post=14800"},{"taxonomy":"post_tag","embeddable":true,"href":"https:\/\/sinprfsp.org.br\/index.php\/wp-json\/wp\/v2\/tags?post=14800"}],"curies":[{"name":"wp","href":"https:\/\/api.w.org\/{rel}","templated":true}]}}