{"id":14949,"date":"2014-10-27T12:38:04","date_gmt":"2014-10-27T14:38:04","guid":{"rendered":"https:\/\/mjtom.com.br\/site1\/?p=14949"},"modified":"2022-01-07T12:59:28","modified_gmt":"2022-01-07T15:59:28","slug":"dia-do-servidor-publico-e-comemorado-hoje-28-de-outubro","status":"publish","type":"post","link":"https:\/\/sinprfsp.org.br\/index.php\/2014\/10\/27\/dia-do-servidor-publico-e-comemorado-hoje-28-de-outubro\/","title":{"rendered":"&#8220;Dia do Servidor P\u00fablico&#8221; \u00e9 comemorado hoje, 28 de outubro"},"content":{"rendered":"<div class=\"descricao\">\n<p align=\"justify\"><em><span style=\"font-size: medium;\">Autora do artigo: Jussara de Barros, graduada em Pedagogia.<\/span><\/em><\/p>\n<p align=\"justify\"><span style=\"font-size: medium;\">No dia 28 de outubro, comemora-se o dia do funcion\u00e1rio p\u00fablico. A data foi institu\u00edda no governo do presidente Get\u00falio Vargas, atrav\u00e9s da cria\u00e7\u00e3o do Conselho Federal do Servi\u00e7o P\u00fablico Civil, em 1937.<\/span><\/p>\n<p align=\"justify\"><span style=\"font-size: medium;\">Em 1938, foi fundado o Departamento Administrativo do Servi\u00e7o P\u00fablico do Brasil, onde esse tipo de servi\u00e7o passou a ser mais utilizado.<\/span><\/p>\n<p align=\"justify\"><span style=\"font-size: medium;\">As leis que regem os direitos e deveres dos funcion\u00e1rios que prestam servi\u00e7os p\u00fablicos est\u00e3o no decreto n\u00ba 1.713, de 28 de outubro de 1939, motivo pelo qual \u00e9 o dia da comemora\u00e7\u00e3o desse profissional.<\/span><\/p>\n<p align=\"justify\"><span style=\"font-size: medium;\">Em 11 de dezembro de 1990, foi publicado o novo Estatuto dos Servidores P\u00fablicos Civis da Uni\u00e3o, das autarquias e das funda\u00e7\u00f5es p\u00fablicas federais, a Lei n\u00ba8112, alterando v\u00e1rias disposi\u00e7\u00f5es da antiga lei, por\u00e9m os direitos e deveres desses servidores est\u00e3o definidos e estabelecidos na Constitui\u00e7\u00e3o Federal do Brasil, al\u00e9m dos estatutos das entidades em que trabalham.<\/span><\/p>\n<p align=\"justify\"><span style=\"font-size: medium;\">Os servi\u00e7os p\u00fablicos est\u00e3o divididos em classes hier\u00e1rquicas, de acordo com os \u00f3rg\u00e3os dos governos, que podem ser municipais, estaduais ou federais. Os servi\u00e7os prestados podem ser de v\u00e1rias \u00e1reas de atua\u00e7\u00e3o, como da justi\u00e7a, sa\u00fade, seguran\u00e7a etc.<\/span><\/p>\n<p align=\"justify\"><span style=\"font-size: medium;\">Para ser servidor p\u00fablico \u00e9 preciso participar de concursos e ser aprovado no mesmo, garantindo assim a vaga enquanto profissional. O bom desse tipo de trabalho \u00e9 que o servidor tem estabilidade, n\u00e3o pode ser dispensado de suas fun\u00e7\u00f5es. Somente em casos extremos, em que se comprove a falta de idoneidade de um funcion\u00e1rio p\u00fablico, \u00e9 que o mesmo \u00e9 afastado de seu cargo.<\/span><\/p>\n<p align=\"justify\"><span style=\"font-size: medium;\">Os sal\u00e1rios dos funcion\u00e1rios p\u00fablicos s\u00e3o pagos pelos cofres p\u00fablicos, dependendo da localidade. Se for municipal, s\u00e3o pagos pelas prefeituras; se estadual, pelos governos estaduais; e se federal, pagos pelos cofres da Uni\u00e3o.<\/span><\/p>\n<\/div>\n","protected":false},"excerpt":{"rendered":"<p>Autora do artigo: Jussara de Barros, graduada em Pedagogia. No dia 28 de outubro, comemora-se o dia do funcion\u00e1rio p\u00fablico. A data foi institu\u00edda no governo do presidente Get\u00falio Vargas, atrav\u00e9s da cria\u00e7\u00e3o do Conselho Federal do Servi\u00e7o P\u00fablico Civil, em 1937. Em 1938, foi fundado o Departamento Administrativo do Servi\u00e7o P\u00fablico do Brasil, onde [&hellip;]<\/p>\n","protected":false},"author":3,"featured_media":14950,"comment_status":"closed","ping_status":"closed","sticky":false,"template":"","format":"standard","meta":{"footnotes":""},"categories":[41],"tags":[],"class_list":["post-14949","post","type-post","status-publish","format-standard","has-post-thumbnail","hentry","category-noticias-em-destaque"],"_links":{"self":[{"href":"https:\/\/sinprfsp.org.br\/index.php\/wp-json\/wp\/v2\/posts\/14949","targetHints":{"allow":["GET"]}}],"collection":[{"href":"https:\/\/sinprfsp.org.br\/index.php\/wp-json\/wp\/v2\/posts"}],"about":[{"href":"https:\/\/sinprfsp.org.br\/index.php\/wp-json\/wp\/v2\/types\/post"}],"author":[{"embeddable":true,"href":"https:\/\/sinprfsp.org.br\/index.php\/wp-json\/wp\/v2\/users\/3"}],"replies":[{"embeddable":true,"href":"https:\/\/sinprfsp.org.br\/index.php\/wp-json\/wp\/v2\/comments?post=14949"}],"version-history":[{"count":1,"href":"https:\/\/sinprfsp.org.br\/index.php\/wp-json\/wp\/v2\/posts\/14949\/revisions"}],"predecessor-version":[{"id":14951,"href":"https:\/\/sinprfsp.org.br\/index.php\/wp-json\/wp\/v2\/posts\/14949\/revisions\/14951"}],"wp:featuredmedia":[{"embeddable":true,"href":"https:\/\/sinprfsp.org.br\/index.php\/wp-json\/wp\/v2\/media\/14950"}],"wp:attachment":[{"href":"https:\/\/sinprfsp.org.br\/index.php\/wp-json\/wp\/v2\/media?parent=14949"}],"wp:term":[{"taxonomy":"category","embeddable":true,"href":"https:\/\/sinprfsp.org.br\/index.php\/wp-json\/wp\/v2\/categories?post=14949"},{"taxonomy":"post_tag","embeddable":true,"href":"https:\/\/sinprfsp.org.br\/index.php\/wp-json\/wp\/v2\/tags?post=14949"}],"curies":[{"name":"wp","href":"https:\/\/api.w.org\/{rel}","templated":true}]}}