{"id":14957,"date":"2014-10-24T12:38:15","date_gmt":"2014-10-24T14:38:15","guid":{"rendered":"https:\/\/mjtom.com.br\/site1\/?p=14957"},"modified":"2022-01-07T12:59:28","modified_gmt":"2022-01-07T15:59:28","slug":"fenaprf-inicia-os-preparativos-para-a-campanha-salarial-2015-dos-policiais-rodoviarios-federais","status":"publish","type":"post","link":"https:\/\/sinprfsp.org.br\/index.php\/2014\/10\/24\/fenaprf-inicia-os-preparativos-para-a-campanha-salarial-2015-dos-policiais-rodoviarios-federais\/","title":{"rendered":"FenaPRF inicia os preparativos para a Campanha Salarial 2015 dos Policiais Rodovi\u00e1rios Federais"},"content":{"rendered":"<div class=\"descricao\">\n<p><span style=\"font-size: medium;\">O presidente da Federa\u00e7\u00e3o Nacional dos Policiais Rodovi\u00e1rios Federais (FenaPRF), Pedro Cavalcanti, atendendo decis\u00e3o un\u00e2nime do Conselho de Representantes, \u00f3rg\u00e3o m\u00e1ximo deliberativo e consultivo da entidade, designou um \u00a0Grupo de Trabalho para elaborar e executar o plano de m\u00eddia, tabela salarial e suporte t\u00e9cnico para a Campanha Salarial 2015 dos Policiais Rodovi\u00e1rios Federais. Esta campanha ser\u00e1 realizada em todo o Pa\u00eds pelos 25 sindicatos estaduais (SINPRFs) que representam a categoria.<\/span><\/p>\n<p>\u00a0<\/p>\n<p><span style=\"font-size: medium;\">Os integrantes do Eixo T\u00e9cnico, respons\u00e1vel pelo suporte jur\u00eddico e elabora\u00e7\u00e3o da tabela salarial, realizaram a primeira reuni\u00e3o no dia 13 de outubro. Eles debateram as premissas que devem nortear a elabora\u00e7\u00e3o da proposta salarial a ser apresentada ao Minist\u00e9rio do Planejamento, Or\u00e7amento e Gest\u00e3o em 2015, assim que a mesa de negocia\u00e7\u00e3o for aberta.<\/span><\/p>\n<p>\u00a0<\/p>\n<p><span style=\"text-decoration: underline;\"><span style=\"font-size: medium;\">Legenda da foto (cr\u00e9dito: Arquivo FenaPRF): Passeata realizada em Bras\u00edlia durante a Campanha Salarial 2012.\u00a0<\/span><\/span><\/p>\n<p>\u00a0<\/p>\n<p><span style=\"font-size: medium;\">O Grupo informou que a participa\u00e7\u00e3o da categoria neste processo de elabora\u00e7\u00e3o da proposta salarial se dar\u00e1 por meio de preenchimento de formul\u00e1rio eletr\u00f4nico. Este m\u00e9todo amplia a participa\u00e7\u00e3o e facilita a apura\u00e7\u00e3o de resultados. O diretor Jesus Caama\u00f1o informou que tudo ser\u00e1 feito com o conhecimento e a colabora\u00e7\u00e3o dos Sindicatos e que, em breve, o formul\u00e1rio estar\u00e1 dispon\u00edvel. \u201cEsperamos que a categoria participe ativamente de todo o processo. Para isso, vamos manter os dirigentes dos SINPRFs [sindicatos estaduais] sempre muito bem informados sobre os trabalhos que estamos desenvolvendo\u201d, declarou Caama\u00f1o. O diretor Tiago Arruda declarou ainda que n\u00e3o h\u00e1 nenhuma tabela salarial oficial divulgada ou a ser apresentada. \u201cQualquer uma [qualquer tabela] que venha a circular pelos meios hoje dispon\u00edveis n\u00e3o retrata a realidade dos trabalhos do Grupo constitu\u00eddo\u201d, afirmou Tiago Arruda.<\/span><\/p>\n<p>\u00a0<\/p>\n<p><span style=\"font-size: medium;\">Conforme cronograma estabelecido pela FenaPRF, o Grupo deve enviar a conclus\u00e3o dos trabalhos para os estados para que SINPRFs apresentem e discutam com as bases, sem disponibilizar a proposta salarial por meio digital para evitar a divulga\u00e7\u00e3o na internet. \u201c\u00c9 importante frisar que esta medida faz parte da estrat\u00e9gia necess\u00e1ria de negocia\u00e7\u00e3o, pois diversas carreiras ir\u00e3o pleitear seus reajustes e reestrutura\u00e7\u00f5es num ambiente onde os envolvidos estar\u00e3o atentos aos pedidos uns dos outros\u201d, alertou Frederico Fran\u00e7a.<\/span><\/p>\n<p>\u00a0<\/p>\n<p><span style=\"font-size: medium;\">Os integrantes do Grupo disseram que o escrit\u00f3rio respons\u00e1vel pela assessoria jur\u00eddica \u00e0 FenaPRF, escrit\u00f3rio Cassel &#038; Ruzzarin Advogados, mant\u00e9m o portal\u00a0<a href=\"http:\/\/www.infogreve.com.br\/\" target=\"_blank\" rel=\"noopener\"><strong>InfoGreve<\/strong><\/a>. Neste site, \u00e9 poss\u00edvel obter todas as informa\u00e7\u00f5es necess\u00e1rias sobre o direito de greve dos servidores p\u00fablicos. Nova reuni\u00e3o para dar sequ\u00eancia ao plano de a\u00e7\u00e3o sobre a Campanha Salarial de 2015 dos Policiais Rodovi\u00e1rios Federais est\u00e1 agendada para o final do m\u00eas de outubro.<\/span><\/p>\n<\/div>\n","protected":false},"excerpt":{"rendered":"<p>O presidente da Federa\u00e7\u00e3o Nacional dos Policiais Rodovi\u00e1rios Federais (FenaPRF), Pedro Cavalcanti, atendendo decis\u00e3o un\u00e2nime do Conselho de Representantes, \u00f3rg\u00e3o m\u00e1ximo deliberativo e consultivo da entidade, designou um \u00a0Grupo de Trabalho para elaborar e executar o plano de m\u00eddia, tabela salarial e suporte t\u00e9cnico para a Campanha Salarial 2015 dos Policiais Rodovi\u00e1rios Federais. Esta campanha [&hellip;]<\/p>\n","protected":false},"author":3,"featured_media":14958,"comment_status":"closed","ping_status":"closed","sticky":false,"template":"","format":"standard","meta":{"footnotes":""},"categories":[41],"tags":[],"class_list":["post-14957","post","type-post","status-publish","format-standard","has-post-thumbnail","hentry","category-noticias-em-destaque"],"_links":{"self":[{"href":"https:\/\/sinprfsp.org.br\/index.php\/wp-json\/wp\/v2\/posts\/14957","targetHints":{"allow":["GET"]}}],"collection":[{"href":"https:\/\/sinprfsp.org.br\/index.php\/wp-json\/wp\/v2\/posts"}],"about":[{"href":"https:\/\/sinprfsp.org.br\/index.php\/wp-json\/wp\/v2\/types\/post"}],"author":[{"embeddable":true,"href":"https:\/\/sinprfsp.org.br\/index.php\/wp-json\/wp\/v2\/users\/3"}],"replies":[{"embeddable":true,"href":"https:\/\/sinprfsp.org.br\/index.php\/wp-json\/wp\/v2\/comments?post=14957"}],"version-history":[{"count":1,"href":"https:\/\/sinprfsp.org.br\/index.php\/wp-json\/wp\/v2\/posts\/14957\/revisions"}],"predecessor-version":[{"id":14959,"href":"https:\/\/sinprfsp.org.br\/index.php\/wp-json\/wp\/v2\/posts\/14957\/revisions\/14959"}],"wp:featuredmedia":[{"embeddable":true,"href":"https:\/\/sinprfsp.org.br\/index.php\/wp-json\/wp\/v2\/media\/14958"}],"wp:attachment":[{"href":"https:\/\/sinprfsp.org.br\/index.php\/wp-json\/wp\/v2\/media?parent=14957"}],"wp:term":[{"taxonomy":"category","embeddable":true,"href":"https:\/\/sinprfsp.org.br\/index.php\/wp-json\/wp\/v2\/categories?post=14957"},{"taxonomy":"post_tag","embeddable":true,"href":"https:\/\/sinprfsp.org.br\/index.php\/wp-json\/wp\/v2\/tags?post=14957"}],"curies":[{"name":"wp","href":"https:\/\/api.w.org\/{rel}","templated":true}]}}