{"id":14969,"date":"2014-08-29T12:38:30","date_gmt":"2014-08-29T15:38:30","guid":{"rendered":"https:\/\/mjtom.com.br\/site1\/?p=14969"},"modified":"2022-01-07T12:59:28","modified_gmt":"2022-01-07T15:59:28","slug":"fenaprf-repudia-como-o-decreto-da-progressao-funcional-foi-aprovado","status":"publish","type":"post","link":"https:\/\/sinprfsp.org.br\/index.php\/2014\/08\/29\/fenaprf-repudia-como-o-decreto-da-progressao-funcional-foi-aprovado\/","title":{"rendered":"FenaPRF repudia como o Decreto da progress\u00e3o funcional foi aprovado"},"content":{"rendered":"<div class=\"descricao\">\n<p><span style=\"font-size: medium;\"><em><strong>A\u00a0Federa\u00e7\u00e3o Nacional\u00a0dos Policiais Rodovi\u00e1rios Federais (FenaPRF),com base\u00a0em delibera\u00e7\u00e3o da Assembleia Geral Extraordin\u00e1ria do seu Conselho de Representantes, realizada em 8 de agosto de 2014, onde foi aprovado por 35 votos a favor e 2 votos contra, vem apresentar:<\/strong><\/em><\/span><\/p>\n<p><span style=\"font-size: medium;\">NOTA DE REP\u00daDIO<\/span><\/p>\n<p><span style=\"font-size: medium;\">aos dirigentes do\u00a0Departamento de Pol\u00edcia\u00a0Rodovi\u00e1ria Federal (DPRF) respons\u00e1veis pela elabora\u00e7\u00e3o unilateral do Decreto 8.282\/2014, que trata da progress\u00e3o funcional na carreira de Policial Rodovi\u00e1rio Federal, sem a participa\u00e7\u00e3o do sistema sindical, e consequentemente da categoria diretamente interessada no assunto.<\/span><\/p>\n<p><span style=\"font-size: medium;\">Durante a celebra\u00e7\u00e3o do Acordo Coletivo em 2012 havia a promessa de plena participa\u00e7\u00e3o da categoria no processo de elabora\u00e7\u00e3o deste normativo, por\u00e9m n\u00e3o foi isso que se concretizou. Mais uma vez, os policiais foram prejudicados pelo Departamento de\u00a0Pol\u00edcia Rodovi\u00e1ria\u00a0Federal (DPRF) e Minist\u00e9rio do Planejamento, Or\u00e7amento e Gest\u00e3o (MPOG), considerando-se os v\u00e1rios itens divergentes do acordo realizado que foram inclu\u00eddos no referido documento, configurando uma grande \u201cQUEBRA DE ACORDO\u201d. Pois, o pleito da categoria no\u00a0processo de negocia\u00e7\u00e3o\u00a0era acabar com o limitador de 50% para a progress\u00e3o por merecimento na carreira e n\u00e3o extinguir a progress\u00e3o por antiguidade com o feito pelo DPRF.<\/span><\/p>\n<p><span style=\"font-size: medium;\">Neste sentido a FenaPRF deliberou que o\u00a0Sistema Sindical\u00a0dos PRFs deve lutar pela revoga\u00e7\u00e3o total do Decreto, visando a elabora\u00e7\u00e3o de uma nova minuta, que contemple a participa\u00e7\u00e3o dos representantes sindicais. A opini\u00e3o do Conselho \u00e9 que o Decreto atual, aprovado somente com o aval do DPRF junto ao MPOG e Pal\u00e1cio do Planalto, \u00e9 muito pior que o regulamento anterior, que j\u00e1 era ruim, e n\u00e3o houve possibilidade de participa\u00e7\u00e3o nessa elabora\u00e7\u00e3o.<\/span><\/p>\n<p><span style=\"font-size: medium;\">Finalizando nossa manifesta\u00e7\u00e3o, a FenaPRF n\u00e3o aceitar\u00e1 a omiss\u00e3o do DPRF em ouvir a categoria nas decis\u00f5es relevantes e de grande impacto para todos, o que contraria totalmente os preceitos deGest\u00e3o Participativa\u00a0discutidos no evento realizado pelo pr\u00f3prio Departamento em conjunto com o Sistema Sindical, na cidade de Foz do Igua\u00e7u, durante os dias 20 a 25 de janeiro de 2014, onde foram discutidas ferramentas de gest\u00e3o contr\u00e1rias \u00e0s que est\u00e3o sendo aplicadas.<\/span><\/p>\n<p><span style=\"font-size: medium;\">Federa\u00e7\u00e3o Nacional dos Policiais Rodovi\u00e1rios Federais<\/span><\/p>\n<p><span style=\"font-size: medium;\">Fonte: SINPRF-GO (Sindicato dos Policiais Rodovi\u00e1rios Federais em Goi\u00e1s), extra\u00eddo da Ag\u00eancia FenaPRF (Federa\u00e7\u00e3o Nacional dos Policiais Rodovi\u00e1rios Federais).<\/span><\/p>\n<\/div>\n","protected":false},"excerpt":{"rendered":"<p>A\u00a0Federa\u00e7\u00e3o Nacional\u00a0dos Policiais Rodovi\u00e1rios Federais (FenaPRF),com base\u00a0em delibera\u00e7\u00e3o da Assembleia Geral Extraordin\u00e1ria do seu Conselho de Representantes, realizada em 8 de agosto de 2014, onde foi aprovado por 35 votos a favor e 2 votos contra, vem apresentar: NOTA DE REP\u00daDIO aos dirigentes do\u00a0Departamento de Pol\u00edcia\u00a0Rodovi\u00e1ria Federal (DPRF) respons\u00e1veis pela elabora\u00e7\u00e3o unilateral do Decreto 8.282\/2014, [&hellip;]<\/p>\n","protected":false},"author":3,"featured_media":14970,"comment_status":"closed","ping_status":"closed","sticky":false,"template":"","format":"standard","meta":{"footnotes":""},"categories":[41],"tags":[],"class_list":["post-14969","post","type-post","status-publish","format-standard","has-post-thumbnail","hentry","category-noticias-em-destaque"],"_links":{"self":[{"href":"https:\/\/sinprfsp.org.br\/index.php\/wp-json\/wp\/v2\/posts\/14969","targetHints":{"allow":["GET"]}}],"collection":[{"href":"https:\/\/sinprfsp.org.br\/index.php\/wp-json\/wp\/v2\/posts"}],"about":[{"href":"https:\/\/sinprfsp.org.br\/index.php\/wp-json\/wp\/v2\/types\/post"}],"author":[{"embeddable":true,"href":"https:\/\/sinprfsp.org.br\/index.php\/wp-json\/wp\/v2\/users\/3"}],"replies":[{"embeddable":true,"href":"https:\/\/sinprfsp.org.br\/index.php\/wp-json\/wp\/v2\/comments?post=14969"}],"version-history":[{"count":1,"href":"https:\/\/sinprfsp.org.br\/index.php\/wp-json\/wp\/v2\/posts\/14969\/revisions"}],"predecessor-version":[{"id":14971,"href":"https:\/\/sinprfsp.org.br\/index.php\/wp-json\/wp\/v2\/posts\/14969\/revisions\/14971"}],"wp:featuredmedia":[{"embeddable":true,"href":"https:\/\/sinprfsp.org.br\/index.php\/wp-json\/wp\/v2\/media\/14970"}],"wp:attachment":[{"href":"https:\/\/sinprfsp.org.br\/index.php\/wp-json\/wp\/v2\/media?parent=14969"}],"wp:term":[{"taxonomy":"category","embeddable":true,"href":"https:\/\/sinprfsp.org.br\/index.php\/wp-json\/wp\/v2\/categories?post=14969"},{"taxonomy":"post_tag","embeddable":true,"href":"https:\/\/sinprfsp.org.br\/index.php\/wp-json\/wp\/v2\/tags?post=14969"}],"curies":[{"name":"wp","href":"https:\/\/api.w.org\/{rel}","templated":true}]}}