{"id":15019,"date":"2014-08-01T12:41:41","date_gmt":"2014-08-01T15:41:41","guid":{"rendered":"https:\/\/mjtom.com.br\/site1\/?p=15019"},"modified":"2022-01-07T12:59:28","modified_gmt":"2022-01-07T15:59:28","slug":"sinprf-sp-ira-participar-da-posse-da-nova-diretoria-da-fenaprf","status":"publish","type":"post","link":"https:\/\/sinprfsp.org.br\/index.php\/2014\/08\/01\/sinprf-sp-ira-participar-da-posse-da-nova-diretoria-da-fenaprf\/","title":{"rendered":"SINPRF-SP ir\u00e1 participar da posse da nova diretoria da FenaPRF"},"content":{"rendered":"<div class=\"descricao\">\n<p><em><strong><span style=\"font-size: medium;\">Evento ser\u00e1 no dia 07 de agosto, quinta-feira, em Bras\u00edlia (DF), e quem ir\u00e1 representar o sindicato \u00e9 o diretor presidente Marcos de Jesus Viana<\/span><\/strong><\/em><\/p>\n<p><span style=\"font-size: medium;\">Fotos: Tatiana Soledade e Ricardo Cardoso<\/span><\/p>\n<p><span style=\"font-size: medium;\">No dia 07 de agosto, quinta-feira, o diretor presidente do SINPRF-SP (Sindicato dos Policiais Rodovi\u00e1rios Federais no Estado de S\u00e3o Paulo), Marcos de Jesus Viana, ir\u00e1 participar, em Bras\u00edlia (DF), da posse da nova diretoria da FenaPRF (Federa\u00e7\u00e3o Nacional dos Policiais Rodovi\u00e1rios Federais), administra\u00e7\u00e3o essa que ele tamb\u00e9m integra, j\u00e1 que foi eleito membro do Conselho Fiscal, ali\u00e1s, o segundo mais votado. Viana j\u00e1 fazia parte do Conselho Fiscal, por\u00e9m como presidente.<\/span><\/p>\n<div><span style=\"font-size: medium;\">\u00a0<\/span><\/div>\n<div><span style=\"text-decoration: underline;\"><span style=\"font-size: medium;\">Legenda da foto: Imagem superior &#8211; Marcos de Jesus Viana (camisa cor salm\u00e3o, listrada), diretor presidente do SINPRF-SP \/ Imagem inferior &#8211; Ot\u00e1vio Jos\u00e9 Cardoso de Oliveira (camiseta azul da PRF), delegado representante da FenaPRF em S\u00e3o Paulo.<\/span><\/span><\/p>\n<p><span style=\"font-size: medium;\">J\u00e1 no dia 08 de agosto, sexta-feira, o presidente do SINPRF-SP e o delegado representante da FenaPRF em S\u00e3o Paulo, Ot\u00e1vio Jos\u00e9 Cardoso de Oliveira, marcar\u00e3o presen\u00e7a em uma assembleia da Federa\u00e7\u00e3o, na qual assuntos diversos ser\u00e3o tratados.<\/span><\/div>\n<\/div>\n","protected":false},"excerpt":{"rendered":"<p>Evento ser\u00e1 no dia 07 de agosto, quinta-feira, em Bras\u00edlia (DF), e quem ir\u00e1 representar o sindicato \u00e9 o diretor presidente Marcos de Jesus Viana Fotos: Tatiana Soledade e Ricardo Cardoso No dia 07 de agosto, quinta-feira, o diretor presidente do SINPRF-SP (Sindicato dos Policiais Rodovi\u00e1rios Federais no Estado de S\u00e3o Paulo), Marcos de Jesus [&hellip;]<\/p>\n","protected":false},"author":3,"featured_media":15020,"comment_status":"closed","ping_status":"closed","sticky":false,"template":"","format":"standard","meta":{"footnotes":""},"categories":[1],"tags":[],"class_list":["post-15019","post","type-post","status-publish","format-standard","has-post-thumbnail","hentry","category-noticias-gerais"],"_links":{"self":[{"href":"https:\/\/sinprfsp.org.br\/index.php\/wp-json\/wp\/v2\/posts\/15019","targetHints":{"allow":["GET"]}}],"collection":[{"href":"https:\/\/sinprfsp.org.br\/index.php\/wp-json\/wp\/v2\/posts"}],"about":[{"href":"https:\/\/sinprfsp.org.br\/index.php\/wp-json\/wp\/v2\/types\/post"}],"author":[{"embeddable":true,"href":"https:\/\/sinprfsp.org.br\/index.php\/wp-json\/wp\/v2\/users\/3"}],"replies":[{"embeddable":true,"href":"https:\/\/sinprfsp.org.br\/index.php\/wp-json\/wp\/v2\/comments?post=15019"}],"version-history":[{"count":1,"href":"https:\/\/sinprfsp.org.br\/index.php\/wp-json\/wp\/v2\/posts\/15019\/revisions"}],"predecessor-version":[{"id":15021,"href":"https:\/\/sinprfsp.org.br\/index.php\/wp-json\/wp\/v2\/posts\/15019\/revisions\/15021"}],"wp:featuredmedia":[{"embeddable":true,"href":"https:\/\/sinprfsp.org.br\/index.php\/wp-json\/wp\/v2\/media\/15020"}],"wp:attachment":[{"href":"https:\/\/sinprfsp.org.br\/index.php\/wp-json\/wp\/v2\/media?parent=15019"}],"wp:term":[{"taxonomy":"category","embeddable":true,"href":"https:\/\/sinprfsp.org.br\/index.php\/wp-json\/wp\/v2\/categories?post=15019"},{"taxonomy":"post_tag","embeddable":true,"href":"https:\/\/sinprfsp.org.br\/index.php\/wp-json\/wp\/v2\/tags?post=15019"}],"curies":[{"name":"wp","href":"https:\/\/api.w.org\/{rel}","templated":true}]}}