{"id":15025,"date":"2014-07-31T12:41:50","date_gmt":"2014-07-31T15:41:50","guid":{"rendered":"https:\/\/mjtom.com.br\/site1\/?p=15025"},"modified":"2022-01-07T12:59:28","modified_gmt":"2022-01-07T15:59:28","slug":"morre-em-registro-sp-o-prf-aposentado-andre-ribeiro-chagas","status":"publish","type":"post","link":"https:\/\/sinprfsp.org.br\/index.php\/2014\/07\/31\/morre-em-registro-sp-o-prf-aposentado-andre-ribeiro-chagas\/","title":{"rendered":"Morre em Registro (SP) o PRF aposentado Andr\u00e9 Ribeiro Chagas"},"content":{"rendered":"<div class=\"descricao\">\n<p><em><strong><span style=\"font-size: medium;\">Desde o ano passado, o policial lutava contra um c\u00e2ncer<\/span><\/strong><\/em><\/p>\n<p><span style=\"font-size: medium;\">Na tarde de hoje, dia 31 de julho, est\u00e1 sendo velado em Registro, interior de S\u00e3o Paulo, o corpo do PRF aposentado Andr\u00e9 Ribeiro Chagas, conhecido como Chagas. O sepultamento ser\u00e1 amanh\u00e3, dia 1\u00ba de agosto, \u00e0s 8h, na mesma cidade. Ele morreu 0h desta quinta-feira, v\u00edtima de c\u00e2ncer.<\/span><\/p>\n<p><span style=\"font-size: medium;\">Chagas ingressou na PRF em 1972, e sempre atuou na 5\u00aa Delegacia\/Registro da 6\u00aa SRPRF (Superintend\u00eancia Regional de Pol\u00edcia Rodovi\u00e1ria Federal em S\u00e3o Paulo). A descoberta da doen\u00e7a se deu em mar\u00e7o de 2013, quando o PRF afastou-se do trabalho para realizar o tratamento; em maio deste ano, ele se aposentou. Deixa esposa e quatro filhos.<\/span><\/p>\n<p><span style=\"font-size: medium;\">O vel\u00f3rio acontece na Funer\u00e1ria S\u00e3o Camilo, cujo endere\u00e7o \u00e9 rua Seiji Sumida n\u00ba 80, Centro; telefone: (13) 5544-3821. J\u00e1 o sepultamento, ir\u00e1 ocorrer no Cemit\u00e9rio da Saudade, no centro de Registro.<\/span><\/p>\n<\/div>\n","protected":false},"excerpt":{"rendered":"<p>Desde o ano passado, o policial lutava contra um c\u00e2ncer Na tarde de hoje, dia 31 de julho, est\u00e1 sendo velado em Registro, interior de S\u00e3o Paulo, o corpo do PRF aposentado Andr\u00e9 Ribeiro Chagas, conhecido como Chagas. O sepultamento ser\u00e1 amanh\u00e3, dia 1\u00ba de agosto, \u00e0s 8h, na mesma cidade. Ele morreu 0h desta [&hellip;]<\/p>\n","protected":false},"author":3,"featured_media":15026,"comment_status":"closed","ping_status":"closed","sticky":false,"template":"","format":"standard","meta":{"footnotes":""},"categories":[1],"tags":[],"class_list":["post-15025","post","type-post","status-publish","format-standard","has-post-thumbnail","hentry","category-noticias-gerais"],"_links":{"self":[{"href":"https:\/\/sinprfsp.org.br\/index.php\/wp-json\/wp\/v2\/posts\/15025","targetHints":{"allow":["GET"]}}],"collection":[{"href":"https:\/\/sinprfsp.org.br\/index.php\/wp-json\/wp\/v2\/posts"}],"about":[{"href":"https:\/\/sinprfsp.org.br\/index.php\/wp-json\/wp\/v2\/types\/post"}],"author":[{"embeddable":true,"href":"https:\/\/sinprfsp.org.br\/index.php\/wp-json\/wp\/v2\/users\/3"}],"replies":[{"embeddable":true,"href":"https:\/\/sinprfsp.org.br\/index.php\/wp-json\/wp\/v2\/comments?post=15025"}],"version-history":[{"count":1,"href":"https:\/\/sinprfsp.org.br\/index.php\/wp-json\/wp\/v2\/posts\/15025\/revisions"}],"predecessor-version":[{"id":15027,"href":"https:\/\/sinprfsp.org.br\/index.php\/wp-json\/wp\/v2\/posts\/15025\/revisions\/15027"}],"wp:featuredmedia":[{"embeddable":true,"href":"https:\/\/sinprfsp.org.br\/index.php\/wp-json\/wp\/v2\/media\/15026"}],"wp:attachment":[{"href":"https:\/\/sinprfsp.org.br\/index.php\/wp-json\/wp\/v2\/media?parent=15025"}],"wp:term":[{"taxonomy":"category","embeddable":true,"href":"https:\/\/sinprfsp.org.br\/index.php\/wp-json\/wp\/v2\/categories?post=15025"},{"taxonomy":"post_tag","embeddable":true,"href":"https:\/\/sinprfsp.org.br\/index.php\/wp-json\/wp\/v2\/tags?post=15025"}],"curies":[{"name":"wp","href":"https:\/\/api.w.org\/{rel}","templated":true}]}}