{"id":15034,"date":"2014-07-28T12:42:01","date_gmt":"2014-07-28T15:42:01","guid":{"rendered":"https:\/\/mjtom.com.br\/site1\/?p=15034"},"modified":"2022-01-07T12:59:28","modified_gmt":"2022-01-07T15:59:28","slug":"confraternizacao-do-sinprf-sp-e-sucesso-com-comparecimento-em-massa-dos-sindicalizados","status":"publish","type":"post","link":"https:\/\/sinprfsp.org.br\/index.php\/2014\/07\/28\/confraternizacao-do-sinprf-sp-e-sucesso-com-comparecimento-em-massa-dos-sindicalizados\/","title":{"rendered":"Confraterniza\u00e7\u00e3o do SINPRF-SP \u00e9 sucesso com comparecimento em massa dos sindicalizados"},"content":{"rendered":"<div class=\"descricao\">\n<p><em><strong><span style=\"font-size: medium;\">Evento foi realizado no dia 26 de julho, s\u00e1bado, no S\u00edtio Cachoeiras, em Santa Isabel (SP)<\/span><\/strong><\/em><\/p>\n<p><span style=\"font-size: medium;\">Sucesso total. Assim se define a confraterniza\u00e7\u00e3o que o SINPRF-SP (Sindicato dos Policiais Rodovi\u00e1rios Federais no Estado de S\u00e3o Paulo) promoveu no dia 26 de julho, s\u00e1bado, no S\u00edtio Cachoeiras, em Santa Isabel, interior de S\u00e3o Paulo. Na ocasi\u00e3o, foram comemoradas duas datas: &#8211; Anivers\u00e1rio de 86 anos da PRF (fundada em 24 de julho de 1928); e \u201cDia do Policial Rodovi\u00e1rio Federal\u201d (23 de julho).<\/span><\/p>\n<p><span style=\"font-size: medium;\">O dia frio, nublado e chuvoso n\u00e3o intimidou a fam\u00edlia PRF de prestigiar a festa, que durou o dia todo com anima\u00e7\u00e3o total, e a presen\u00e7a de sindicalizados de todo o estado de S\u00e3o Paulo (e at\u00e9 de outro estado, Santa Catarina), acompanhados por seus familiares e amigos.<\/span><\/p>\n<p><span style=\"font-size: medium;\">\u201cTrabalhamos com carinho e dedica\u00e7\u00e3o a fim de proporcionar uma confraterniza\u00e7\u00e3o inesquec\u00edvel aos nossos filiados. Agradecemos o comparecimento em massa dos ativos, aposentados e pensionistas. Obrigada por terem tornado a festa um sucesso total!\u201d, diz o diretor presidente do sindicato, Marcos de Jesus Viana.<\/span><\/p>\n<p><span style=\"font-size: medium;\">*Em breve, mais fotos do evento ser\u00e3o publicadas. Fique de olho!<\/span><\/p>\n<\/div>\n","protected":false},"excerpt":{"rendered":"<p>Evento foi realizado no dia 26 de julho, s\u00e1bado, no S\u00edtio Cachoeiras, em Santa Isabel (SP) Sucesso total. Assim se define a confraterniza\u00e7\u00e3o que o SINPRF-SP (Sindicato dos Policiais Rodovi\u00e1rios Federais no Estado de S\u00e3o Paulo) promoveu no dia 26 de julho, s\u00e1bado, no S\u00edtio Cachoeiras, em Santa Isabel, interior de S\u00e3o Paulo. Na ocasi\u00e3o, [&hellip;]<\/p>\n","protected":false},"author":3,"featured_media":15035,"comment_status":"closed","ping_status":"closed","sticky":false,"template":"","format":"standard","meta":{"footnotes":""},"categories":[41],"tags":[],"class_list":["post-15034","post","type-post","status-publish","format-standard","has-post-thumbnail","hentry","category-noticias-em-destaque"],"_links":{"self":[{"href":"https:\/\/sinprfsp.org.br\/index.php\/wp-json\/wp\/v2\/posts\/15034","targetHints":{"allow":["GET"]}}],"collection":[{"href":"https:\/\/sinprfsp.org.br\/index.php\/wp-json\/wp\/v2\/posts"}],"about":[{"href":"https:\/\/sinprfsp.org.br\/index.php\/wp-json\/wp\/v2\/types\/post"}],"author":[{"embeddable":true,"href":"https:\/\/sinprfsp.org.br\/index.php\/wp-json\/wp\/v2\/users\/3"}],"replies":[{"embeddable":true,"href":"https:\/\/sinprfsp.org.br\/index.php\/wp-json\/wp\/v2\/comments?post=15034"}],"version-history":[{"count":1,"href":"https:\/\/sinprfsp.org.br\/index.php\/wp-json\/wp\/v2\/posts\/15034\/revisions"}],"predecessor-version":[{"id":15036,"href":"https:\/\/sinprfsp.org.br\/index.php\/wp-json\/wp\/v2\/posts\/15034\/revisions\/15036"}],"wp:featuredmedia":[{"embeddable":true,"href":"https:\/\/sinprfsp.org.br\/index.php\/wp-json\/wp\/v2\/media\/15035"}],"wp:attachment":[{"href":"https:\/\/sinprfsp.org.br\/index.php\/wp-json\/wp\/v2\/media?parent=15034"}],"wp:term":[{"taxonomy":"category","embeddable":true,"href":"https:\/\/sinprfsp.org.br\/index.php\/wp-json\/wp\/v2\/categories?post=15034"},{"taxonomy":"post_tag","embeddable":true,"href":"https:\/\/sinprfsp.org.br\/index.php\/wp-json\/wp\/v2\/tags?post=15034"}],"curies":[{"name":"wp","href":"https:\/\/api.w.org\/{rel}","templated":true}]}}