{"id":15057,"date":"2014-07-08T12:43:34","date_gmt":"2014-07-08T15:43:34","guid":{"rendered":"https:\/\/mjtom.com.br\/site1\/?p=15057"},"modified":"2022-01-07T12:59:28","modified_gmt":"2022-01-07T15:59:28","slug":"sinprf-sp-ira-promover-confraternizacao-no-dia-26-de-julho","status":"publish","type":"post","link":"https:\/\/sinprfsp.org.br\/index.php\/2014\/07\/08\/sinprf-sp-ira-promover-confraternizacao-no-dia-26-de-julho\/","title":{"rendered":"SINPRF-SP ir\u00e1 promover confraterniza\u00e7\u00e3o no dia 26 de julho"},"content":{"rendered":"<div class=\"descricao\">\n<p><span style=\"font-size: medium;\"><strong>CONVITE<\/strong><\/span><\/p>\n<p><span style=\"font-size: medium;\"><em>Sindicalizado (a),<\/em><\/span><\/p>\n<p><span style=\"font-size: medium;\">O SINPRF-SP lhe convida a participar de uma confraterniza\u00e7\u00e3o no dia 26 de julho, s\u00e1bado, a partir das 9h, no S\u00edtio Cachoeiras, em Santa Isabel (SP). Na ocasi\u00e3o, ser\u00e3o comemoradas duas datas:<\/span><\/p>\n<p><span style=\"font-size: medium;\">\u2022 Anivers\u00e1rio de 86 anos da PRF (Pol\u00edcia Rodovi\u00e1ria Federal, fundada em 24 de julho de 1928)<\/span><\/p>\n<p><span style=\"font-size: medium;\">\u2022 \u201cDia do Policial Rodovi\u00e1rio Federal\u201d (23 de julho)<\/span><\/p>\n<p><span style=\"font-size: medium;\">Venha passar um dia com a fam\u00edlia PRF em um lugar lindo, cercado por natureza, com muito lazer e alegria! Certamente todos ir\u00e3o gostar do local escolhido para o evento, pois, em 250.000m\u00b2 de \u00e1rea verde, encontra-se: ambulat\u00f3rio, ber\u00e7\u00e1rio, campo de futebol profissional, capela, churrasqueiras, futebol society, lago, piscinas, playground, quadra de t\u00eanis, quadras poliesportivas, vesti\u00e1rios. Na ocasi\u00e3o, ser\u00e1 servido um churrasco saboroso.<\/span><\/p>\n<p><span style=\"font-size: medium;\"><strong>\u201cTurma de 94\u201d<\/strong><\/span><\/p>\n<p><span style=\"font-size: medium;\">Tamb\u00e9m em julho, a \u201cturma de 94\u201d completar\u00e1 20 anos e, devido ao fato de que v\u00e1rios de seus integrantes ir\u00e3o se aposentar, o SINPRF-SP vai produzir um v\u00eddeo retrospectiva da turma.<\/span><\/p>\n<p><span style=\"font-size: medium;\">Os membros da turma que quiserem fazer parte do v\u00eddeo retrospectiva dever\u00e3o enviar, at\u00e9 o dia 10 de julho, quinta-feira, duas (02) fotos digitalizadas (escaneadas) e com boa resolu\u00e7\u00e3o para o e-mail wbs@wbsfoto.com.br \/ Assunto: Retrospectiva PRF \/ no corpo da mensagem, colocar os dados: &#8211; nome de guerra; &#8211; delegacia; &#8211; telefones. Os e-mails que forem recebidos corretamente ser\u00e3o respondidos com um \u201cok\u201d.<\/span><\/p>\n<p><span style=\"font-size: medium;\"><em>Evento:<\/em> <strong>Confraterniza\u00e7\u00e3o do SINPRF-SP<\/strong><\/span><\/p>\n<p><span style=\"font-size: medium;\"><em>Data:<strong>\u00a0<\/strong><\/em><strong>26\u00a0de julho, s\u00e1bado<\/strong><\/span><\/p>\n<p><span style=\"font-size: medium;\"><em>Hor\u00e1rio:<\/em> <strong>a partir das 9h<\/strong><\/span><\/p>\n<p><span style=\"font-size: medium;\"><em>Local:<\/em> <strong>S\u00edtio Cachoeiras \u2013 km 190 da rodovia Presidente Dutra (sentido S\u00e3o Paulo), Santa Isabel (SP). Site: www.sitiocachoeiras.com.br<\/strong><\/span><\/p>\n<p><span style=\"font-size: medium;\"><strong>Confirma\u00e7\u00e3o de presen\u00e7a (obrigat\u00f3ria) e solicita\u00e7\u00e3o de transporte (o sindicato ir\u00e1 disponibilizar \u00f4nibus): at\u00e9 o dia 15 de julho, ter\u00e7a-feira, por meio dos telefones:<\/strong><\/span><\/p>\n<p><span style=\"font-size: medium;\"><strong>(11) 2631-9600 (SINPRF-SP)<\/strong><\/span><\/p>\n<p><span style=\"font-size: medium;\"><strong>(11) 96436-5553 (Claro)<\/strong><\/span><\/p>\n<p><span style=\"font-size: medium;\"><strong>falar com Tatiana Soledade (assessora de Comunica\u00e7\u00e3o)<\/strong><\/span><\/p>\n<\/div>\n","protected":false},"excerpt":{"rendered":"<p>CONVITE Sindicalizado (a), O SINPRF-SP lhe convida a participar de uma confraterniza\u00e7\u00e3o no dia 26 de julho, s\u00e1bado, a partir das 9h, no S\u00edtio Cachoeiras, em Santa Isabel (SP). Na ocasi\u00e3o, ser\u00e3o comemoradas duas datas: \u2022 Anivers\u00e1rio de 86 anos da PRF (Pol\u00edcia Rodovi\u00e1ria Federal, fundada em 24 de julho de 1928) \u2022 \u201cDia do [&hellip;]<\/p>\n","protected":false},"author":3,"featured_media":15058,"comment_status":"closed","ping_status":"closed","sticky":false,"template":"","format":"standard","meta":{"footnotes":""},"categories":[41],"tags":[],"class_list":["post-15057","post","type-post","status-publish","format-standard","has-post-thumbnail","hentry","category-noticias-em-destaque"],"_links":{"self":[{"href":"https:\/\/sinprfsp.org.br\/index.php\/wp-json\/wp\/v2\/posts\/15057","targetHints":{"allow":["GET"]}}],"collection":[{"href":"https:\/\/sinprfsp.org.br\/index.php\/wp-json\/wp\/v2\/posts"}],"about":[{"href":"https:\/\/sinprfsp.org.br\/index.php\/wp-json\/wp\/v2\/types\/post"}],"author":[{"embeddable":true,"href":"https:\/\/sinprfsp.org.br\/index.php\/wp-json\/wp\/v2\/users\/3"}],"replies":[{"embeddable":true,"href":"https:\/\/sinprfsp.org.br\/index.php\/wp-json\/wp\/v2\/comments?post=15057"}],"version-history":[{"count":1,"href":"https:\/\/sinprfsp.org.br\/index.php\/wp-json\/wp\/v2\/posts\/15057\/revisions"}],"predecessor-version":[{"id":15059,"href":"https:\/\/sinprfsp.org.br\/index.php\/wp-json\/wp\/v2\/posts\/15057\/revisions\/15059"}],"wp:featuredmedia":[{"embeddable":true,"href":"https:\/\/sinprfsp.org.br\/index.php\/wp-json\/wp\/v2\/media\/15058"}],"wp:attachment":[{"href":"https:\/\/sinprfsp.org.br\/index.php\/wp-json\/wp\/v2\/media?parent=15057"}],"wp:term":[{"taxonomy":"category","embeddable":true,"href":"https:\/\/sinprfsp.org.br\/index.php\/wp-json\/wp\/v2\/categories?post=15057"},{"taxonomy":"post_tag","embeddable":true,"href":"https:\/\/sinprfsp.org.br\/index.php\/wp-json\/wp\/v2\/tags?post=15057"}],"curies":[{"name":"wp","href":"https:\/\/api.w.org\/{rel}","templated":true}]}}