{"id":15060,"date":"2014-07-07T12:43:38","date_gmt":"2014-07-07T15:43:38","guid":{"rendered":"https:\/\/mjtom.com.br\/site1\/?p=15060"},"modified":"2022-01-07T12:59:28","modified_gmt":"2022-01-07T15:59:28","slug":"turma-de-94-por-marcos-de-jesus-viana","status":"publish","type":"post","link":"https:\/\/sinprfsp.org.br\/index.php\/2014\/07\/07\/turma-de-94-por-marcos-de-jesus-viana\/","title":{"rendered":"TURMA DE 94, por Marcos de Jesus Viana"},"content":{"rendered":"<div class=\"descricao\">\n<p><em><strong>Nesta segunda-feira, dia 07 de julho, a turma de 1.994 da PRF completa 20 anos de forma\u00e7\u00e3o. Para celebrar a ocasi\u00e3o e homenagear os membros do grupo, o diretor presidente do SINPRF-SP (Sindicato dos Policiais Rodovi\u00e1rios Federais no Estado de S\u00e3o Paulo), Marcos de Jesus Viana, escreveu um artigo. Leia:<\/strong><\/em><\/p>\n<p><strong>TURMA DE 94<\/strong><\/p>\n<p>Depois de vinte anos, voltamos nossas mem\u00f3rias para o in\u00edcio desta jornada e lembramos como tudo come\u00e7ou &#8211; o concurso maior j\u00e1 realizado para ingresso na PRF. O ano era 1993, quando foi aberto o concurso para ingresso no cargo de Patrulheiro Rodovi\u00e1rio Federal. Milhares de inscri\u00e7\u00f5es. O anseio para ser o \u201cVigilante Rodovi\u00e1rio\u201d, personagem que tantos tinham em mente.<\/p>\n<p>Uma pol\u00edcia antiga na idade, mas jovem no reconhecimento constitucional se estruturava para crescer, e abria suas portas para que novos membros ingressassem e dessem continuidade ao trabalho desenvolvido por tantos outros PRFs abnegados, para que a transi\u00e7\u00e3o, da inser\u00e7\u00e3o no artigo 144 da Constitui\u00e7\u00e3o Federal, \u00e0 migra\u00e7\u00e3o para o Minist\u00e9rio da Justi\u00e7a (na condi\u00e7\u00e3o de Departamento), n\u00e3o fosse uma luta em v\u00e3o.<\/p>\n<p>Sal\u00e1rio irris\u00f3rio e condi\u00e7\u00f5es adversas, tais como falta de viaturas, armamento e condi\u00e7\u00f5es de trabalho, foi o que essa turma encontrou. Mas a vontade de ser Policial Rodovi\u00e1rio Federal foi o que moveu todos os que continuaram. N\u00e3o desistimos. Alguns o fizeram, n\u00e3o aguentando a press\u00e3o. Outros tombaram pelo caminho, atingidos pela periculosidade de nossa profiss\u00e3o. Ser policial n\u00e3o \u00e9 f\u00e1cil, ser PRF ent\u00e3o&#8230;.<\/p>\n<p>Mas, hoje, temos muito a comemorar, ainda que nem todos achem isto, principalmente por sobreviver em uma profiss\u00e3o de risco durante vinte anos, e cumprir os requisitos para a aposentadoria especial (somados ao tempo de servi\u00e7o trabalhado fora da PRF), e isto n\u00e3o \u00e9 algo que possa ser desprezado. Os que adquirem agora este direito poder\u00e3o escolher entre ficar mais tempo cumprindo a miss\u00e3o \u00e0 qual se dispuseram realizar, l\u00e1 em 1994, e os que quiserem, poder\u00e3o gozar do merecido descanso.<\/p>\n<p>Nesta data, muitos textos ser\u00e3o escritos para lembrar este fato marcante na hist\u00f3ria da PRF. Estas palavras s\u00e3o apenas a express\u00e3o de algu\u00e9m que foi privado de estar trabalhando no dia a dia das rodovias federais, e que poderia estar tamb\u00e9m comemorando vinte anos de efetivo trabalho, mas que continua vivendo e pensando como PRF.<\/p>\n<p>Ent\u00e3o, neste momento, estamos todos de parab\u00e9ns pelo nosso anivers\u00e1rio profissional e por fazer parte de um segmento que ainda mant\u00e9m o sentimento de fam\u00edlia e de grupo. Ao lembrar, daqueles que nos deixaram, acolhidos pelo nosso Criador, estendo os cumprimentos \u00e0s suas fam\u00edlias, que, hoje, tamb\u00e9m s\u00e3o nossa fam\u00edlia, pois esses companheiros sempre ser\u00e3o lembrados como Policiais Rodovi\u00e1rios Federais.<\/p>\n<p>Parab\u00e9ns Turma de 94!<\/p>\n<p>Marcos de J. Viana<\/p>\n<p>Presidente do SINPRF-SP<\/p>\n<\/div>\n","protected":false},"excerpt":{"rendered":"<p>Nesta segunda-feira, dia 07 de julho, a turma de 1.994 da PRF completa 20 anos de forma\u00e7\u00e3o. Para celebrar a ocasi\u00e3o e homenagear os membros do grupo, o diretor presidente do SINPRF-SP (Sindicato dos Policiais Rodovi\u00e1rios Federais no Estado de S\u00e3o Paulo), Marcos de Jesus Viana, escreveu um artigo. Leia: TURMA DE 94 Depois de [&hellip;]<\/p>\n","protected":false},"author":3,"featured_media":15061,"comment_status":"closed","ping_status":"closed","sticky":false,"template":"","format":"standard","meta":{"footnotes":""},"categories":[1],"tags":[],"class_list":["post-15060","post","type-post","status-publish","format-standard","has-post-thumbnail","hentry","category-noticias-gerais"],"_links":{"self":[{"href":"https:\/\/sinprfsp.org.br\/index.php\/wp-json\/wp\/v2\/posts\/15060","targetHints":{"allow":["GET"]}}],"collection":[{"href":"https:\/\/sinprfsp.org.br\/index.php\/wp-json\/wp\/v2\/posts"}],"about":[{"href":"https:\/\/sinprfsp.org.br\/index.php\/wp-json\/wp\/v2\/types\/post"}],"author":[{"embeddable":true,"href":"https:\/\/sinprfsp.org.br\/index.php\/wp-json\/wp\/v2\/users\/3"}],"replies":[{"embeddable":true,"href":"https:\/\/sinprfsp.org.br\/index.php\/wp-json\/wp\/v2\/comments?post=15060"}],"version-history":[{"count":1,"href":"https:\/\/sinprfsp.org.br\/index.php\/wp-json\/wp\/v2\/posts\/15060\/revisions"}],"predecessor-version":[{"id":15062,"href":"https:\/\/sinprfsp.org.br\/index.php\/wp-json\/wp\/v2\/posts\/15060\/revisions\/15062"}],"wp:featuredmedia":[{"embeddable":true,"href":"https:\/\/sinprfsp.org.br\/index.php\/wp-json\/wp\/v2\/media\/15061"}],"wp:attachment":[{"href":"https:\/\/sinprfsp.org.br\/index.php\/wp-json\/wp\/v2\/media?parent=15060"}],"wp:term":[{"taxonomy":"category","embeddable":true,"href":"https:\/\/sinprfsp.org.br\/index.php\/wp-json\/wp\/v2\/categories?post=15060"},{"taxonomy":"post_tag","embeddable":true,"href":"https:\/\/sinprfsp.org.br\/index.php\/wp-json\/wp\/v2\/tags?post=15060"}],"curies":[{"name":"wp","href":"https:\/\/api.w.org\/{rel}","templated":true}]}}