{"id":15091,"date":"2014-06-30T12:45:21","date_gmt":"2014-06-30T15:45:21","guid":{"rendered":"https:\/\/mjtom.com.br\/site1\/?p=15091"},"modified":"2022-01-07T12:55:22","modified_gmt":"2022-01-07T15:55:22","slug":"turma-de-94-atencao","status":"publish","type":"post","link":"https:\/\/sinprfsp.org.br\/index.php\/2014\/06\/30\/turma-de-94-atencao\/","title":{"rendered":"&#8220;TURMA DE 94&#8221; &#8211; ATEN\u00c7\u00c3O!"},"content":{"rendered":"<div class=\"descricao\">\n<p><span style=\"font-size: medium\">Em julho, a \u201cturma de 94\u201d completar\u00e1 20 anos e, devido ao fato de que v\u00e1rios de seus integrantes ir\u00e3o se aposentar, o SINPRF-SP vai produzir um v\u00eddeo retrospectiva da turma. O v\u00eddeo ser\u00e1 exibido no dia 26 de julho, s\u00e1bado, durante a confraterniza\u00e7\u00e3o promovida pelo sindicato no S\u00edtio Cachoeiras, em Santa Isabel (SP), a partir das 9h.<\/span><\/p>\n<p><span style=\"font-size: medium\">Os membros da turma que quiserem fazer parte do v\u00eddeo retrospectiva dever\u00e3o enviar, at\u00e9 o dia 10 de julho, quinta-feira, duas (02) fotos digitalizadas (escaneadas) e com boa resolu\u00e7\u00e3o para o e-mail <a href=\"mailto:wbs@wbsfoto.com.br\">wbs@wbsfoto.com.br<\/a> \/ Assunto: Retrospectiva PRF \/ no corpo da mensagem, colocar os dados: &#8211; nome de guerra; &#8211; delegacia; &#8211; telefones. Os e-mails que forem recebidos corretamente ser\u00e3o respondidos com um \u201cok\u201d.\u00a0<\/span><\/p>\n<\/div>\n","protected":false},"excerpt":{"rendered":"<p>Em julho, a \u201cturma de 94\u201d completar\u00e1 20 anos e, devido ao fato de que v\u00e1rios de seus integrantes ir\u00e3o se aposentar, o SINPRF-SP vai produzir um v\u00eddeo retrospectiva da turma. O v\u00eddeo ser\u00e1 exibido no dia 26 de julho, s\u00e1bado, durante a confraterniza\u00e7\u00e3o promovida pelo sindicato no S\u00edtio Cachoeiras, em Santa Isabel (SP), a [&hellip;]<\/p>\n","protected":false},"author":3,"featured_media":0,"comment_status":"closed","ping_status":"closed","sticky":false,"template":"","format":"standard","meta":{"footnotes":""},"categories":[41],"tags":[],"class_list":["post-15091","post","type-post","status-publish","format-standard","hentry","category-noticias-em-destaque"],"_links":{"self":[{"href":"https:\/\/sinprfsp.org.br\/index.php\/wp-json\/wp\/v2\/posts\/15091","targetHints":{"allow":["GET"]}}],"collection":[{"href":"https:\/\/sinprfsp.org.br\/index.php\/wp-json\/wp\/v2\/posts"}],"about":[{"href":"https:\/\/sinprfsp.org.br\/index.php\/wp-json\/wp\/v2\/types\/post"}],"author":[{"embeddable":true,"href":"https:\/\/sinprfsp.org.br\/index.php\/wp-json\/wp\/v2\/users\/3"}],"replies":[{"embeddable":true,"href":"https:\/\/sinprfsp.org.br\/index.php\/wp-json\/wp\/v2\/comments?post=15091"}],"version-history":[{"count":2,"href":"https:\/\/sinprfsp.org.br\/index.php\/wp-json\/wp\/v2\/posts\/15091\/revisions"}],"predecessor-version":[{"id":16671,"href":"https:\/\/sinprfsp.org.br\/index.php\/wp-json\/wp\/v2\/posts\/15091\/revisions\/16671"}],"wp:attachment":[{"href":"https:\/\/sinprfsp.org.br\/index.php\/wp-json\/wp\/v2\/media?parent=15091"}],"wp:term":[{"taxonomy":"category","embeddable":true,"href":"https:\/\/sinprfsp.org.br\/index.php\/wp-json\/wp\/v2\/categories?post=15091"},{"taxonomy":"post_tag","embeddable":true,"href":"https:\/\/sinprfsp.org.br\/index.php\/wp-json\/wp\/v2\/tags?post=15091"}],"curies":[{"name":"wp","href":"https:\/\/api.w.org\/{rel}","templated":true}]}}