{"id":17008,"date":"2022-04-05T16:16:40","date_gmt":"2022-04-05T19:16:40","guid":{"rendered":"https:\/\/sinprfsp.org.br\/?p=17008"},"modified":"2022-04-05T16:16:41","modified_gmt":"2022-04-05T19:16:41","slug":"campanha-de-valorizacao-dos-prfs-atinge-veiculos-tradicionais-de-midia","status":"publish","type":"post","link":"https:\/\/sinprfsp.org.br\/index.php\/2022\/04\/05\/campanha-de-valorizacao-dos-prfs-atinge-veiculos-tradicionais-de-midia\/","title":{"rendered":"Campanha de valoriza\u00e7\u00e3o dos PRFs atinge ve\u00edculos tradicionais de m\u00eddia"},"content":{"rendered":"\n<p>O Sistema Sindical PRF iniciou nesta semana a nova fase de um trabalho intenso de divulga\u00e7\u00e3o da campanha de conscientiza\u00e7\u00e3o sobre o reconhecimento da import\u00e2ncia do trabalho dos Policiais Rodovi\u00e1rios Federais. A primeira parte do projeto consistiu na produ\u00e7\u00e3o de v\u00eddeos demonstrando a atividade dos PRFs e a divulga\u00e7\u00e3o dos mesmos nas mais populares redes sociais.<\/p>\n\n\n\n<p>&nbsp; Toda a produ\u00e7\u00e3o foi pensada e executada por Policiais Rodovi\u00e1rios Federais, assim como os policiais que aparecem nas pe\u00e7as s\u00e3o todos reais. A fase atual do projeto est\u00e1 nos meios tradicionais de m\u00eddia. A campanha est\u00e1 reproduzida em diversos pain\u00e9is de led e outdoors em Bras\u00edlia. H\u00e1 tamb\u00e9m a publica\u00e7\u00e3o do spot de \u00e1udio da campanha nas principais r\u00e1dios de not\u00edcias do pa\u00eds: BandNews FM, CBN e Jovem Pan; tamb\u00e9m nos maiores canais de televis\u00e3o noticiosos como Band News, GloboNews e TV Jovem Pan News.<\/p>\n\n\n\n<p><strong>\u00a0 \u201cReconhecer o valor da pol\u00edcia \u00e9 investir na sociedade!\u201d<\/strong><\/p>\n\n\n\n<figure class=\"wp-block-image size-large is-style-default\"><img fetchpriority=\"high\" decoding=\"async\" width=\"1024\" height=\"576\" src=\"https:\/\/sinprfsp.org.br\/wp-content\/uploads\/2022\/04\/reestruturacao_prf-1024x576.jpg\" alt=\"\" class=\"wp-image-17009\" srcset=\"https:\/\/sinprfsp.org.br\/wp-content\/uploads\/2022\/04\/reestruturacao_prf-1024x576.jpg 1024w, https:\/\/sinprfsp.org.br\/wp-content\/uploads\/2022\/04\/reestruturacao_prf-768x432.jpg 768w, https:\/\/sinprfsp.org.br\/wp-content\/uploads\/2022\/04\/reestruturacao_prf.jpg 1200w\" sizes=\"(max-width: 1024px) 100vw, 1024px\" \/><\/figure>\n","protected":false},"excerpt":{"rendered":"<p>O Sistema Sindical PRF iniciou nesta semana a nova fase de um trabalho intenso de divulga\u00e7\u00e3o da campanha de conscientiza\u00e7\u00e3o sobre o reconhecimento da import\u00e2ncia do trabalho dos Policiais Rodovi\u00e1rios Federais. A primeira parte do projeto consistiu na produ\u00e7\u00e3o de v\u00eddeos demonstrando a atividade dos PRFs e a divulga\u00e7\u00e3o dos mesmos nas mais populares redes [&hellip;]<\/p>\n","protected":false},"author":3,"featured_media":17009,"comment_status":"closed","ping_status":"closed","sticky":false,"template":"","format":"standard","meta":{"footnotes":""},"categories":[41],"tags":[],"class_list":["post-17008","post","type-post","status-publish","format-standard","has-post-thumbnail","hentry","category-noticias-em-destaque"],"_links":{"self":[{"href":"https:\/\/sinprfsp.org.br\/index.php\/wp-json\/wp\/v2\/posts\/17008","targetHints":{"allow":["GET"]}}],"collection":[{"href":"https:\/\/sinprfsp.org.br\/index.php\/wp-json\/wp\/v2\/posts"}],"about":[{"href":"https:\/\/sinprfsp.org.br\/index.php\/wp-json\/wp\/v2\/types\/post"}],"author":[{"embeddable":true,"href":"https:\/\/sinprfsp.org.br\/index.php\/wp-json\/wp\/v2\/users\/3"}],"replies":[{"embeddable":true,"href":"https:\/\/sinprfsp.org.br\/index.php\/wp-json\/wp\/v2\/comments?post=17008"}],"version-history":[{"count":1,"href":"https:\/\/sinprfsp.org.br\/index.php\/wp-json\/wp\/v2\/posts\/17008\/revisions"}],"predecessor-version":[{"id":17010,"href":"https:\/\/sinprfsp.org.br\/index.php\/wp-json\/wp\/v2\/posts\/17008\/revisions\/17010"}],"wp:featuredmedia":[{"embeddable":true,"href":"https:\/\/sinprfsp.org.br\/index.php\/wp-json\/wp\/v2\/media\/17009"}],"wp:attachment":[{"href":"https:\/\/sinprfsp.org.br\/index.php\/wp-json\/wp\/v2\/media?parent=17008"}],"wp:term":[{"taxonomy":"category","embeddable":true,"href":"https:\/\/sinprfsp.org.br\/index.php\/wp-json\/wp\/v2\/categories?post=17008"},{"taxonomy":"post_tag","embeddable":true,"href":"https:\/\/sinprfsp.org.br\/index.php\/wp-json\/wp\/v2\/tags?post=17008"}],"curies":[{"name":"wp","href":"https:\/\/api.w.org\/{rel}","templated":true}]}}