{"id":17076,"date":"2022-04-19T15:13:11","date_gmt":"2022-04-19T18:13:11","guid":{"rendered":"https:\/\/sinprfsp.org.br\/?p=17076"},"modified":"2022-04-19T15:14:48","modified_gmt":"2022-04-19T18:14:48","slug":"convocacao-age-em-carater-de-urgencia","status":"publish","type":"post","link":"https:\/\/sinprfsp.org.br\/index.php\/2022\/04\/19\/convocacao-age-em-carater-de-urgencia\/","title":{"rendered":"Convoca\u00e7\u00e3o AGE em car\u00e1ter de URG\u00caNCIA"},"content":{"rendered":"\n<p>Nesta sexta-feira (22\/04), \u00e0s 10hs, teremos uma importante Assembleia no nosso Sindicato, sobre os rumos do projeto de Reestrutura\u00e7\u00e3o de nossa Carreira.<\/p>\n\n\n\n<p>A convoca\u00e7\u00e3o est\u00e1 sendo feita com anteced\u00eancia menor do que a de costume pois a situa\u00e7\u00e3o assim exige. Com as not\u00edcias de uma mudan\u00e7a de decis\u00e3o por parte do Governo, a FenaPRF orientou para que todos os Sindicatos realizassem suas AGEs antes do dia 25\/04, para que j\u00e1 tenhamos um posicionamento claro dos PRFs. Nos termos do Estatuto do SINPRF-SP:<\/p>\n\n\n\n<p>\u201cArt. 14 (\u2026) \u00a7 2\u00ba. &#8211; Quando se tratar de mat\u00e9ria que requeira solu\u00e7\u00e3o urgente, devidamente fundamentada, o Presidente do SINPRF-SP poder\u00e1 convocar os filiados para a realiza\u00e7\u00e3o de Assembleia Geral, dentro de 48 (quarenta e oito) horas, por qualquer meio de comunica\u00e7\u00e3o, dando ampla divulga\u00e7\u00e3o do respectivo Edital.\u201d<\/p>\n\n\n\n<p>O edital possui 3 (tr\u00eas) pontos de pauta:<\/p>\n\n\n\n<p><strong>1\u00ba &#8211; Informes sobre o andamento do Projeto de Reestrutura\u00e7\u00e3o da Carreira.<\/strong><\/p>\n\n\n\n<p>&#8211; Vamos fazer uma atualiza\u00e7\u00e3o dos \u00faltimos fatos que tem aumentado nossa preocupa\u00e7\u00e3o, e tamb\u00e9m informar colegas que n\u00e3o tem acompanhado as discuss\u00f5es at\u00e9 este momento. Na quarta-feira, 20\/04, haver\u00e1 uma reuni\u00e3o do Conselho de Representantes da FenaPRF, e em nossa AGE na sexta-feira (22\/04), poderemos ter mais informes.<\/p>\n\n\n\n<p><strong>2\u00ba &#8211; Delibera\u00e7\u00e3o sobre estado de alerta da categoria.<\/strong><\/p>\n\n\n\n<p>&#8211; Diante das informa\u00e7\u00f5es a serem passadas e esclarecidas das consequ\u00eancias de n\u00e3o termos a Reestrutura\u00e7\u00e3o neste momento, \u00e9 importante que nos posicionemos de forma clara, e que todos se comprometam com a defesa da PRF.<\/p>\n\n\n\n<p><strong>3\u00ba &#8211; E a autoriza\u00e7\u00e3o para a venda do Jeep Compass do Sindicato.<\/strong><\/p>\n\n\n\n<p>&#8211; Durante a pandemia o SINPRF-SP trocou nosso o cansado Civic com quase 250mil quil\u00f4metros por um carro que aguentasse o tranco das viagens para Bras\u00edlia. A Diretoria j\u00e1 havia decidido pela troca do novo ve\u00edculo por um de menor custo e consumo, e a venda seria pauta da pr\u00f3xima assembleia de presta\u00e7\u00e3o de contas, mas com a necessidade da recomposi\u00e7\u00e3o do caixa da entidade para arcar com o aumento de gastos da nossa campanha pela Reestrutura\u00e7\u00e3o, a autoriza\u00e7\u00e3o para a venda passou a ser tamb\u00e9m pauta emergencial.<\/p>\n\n\n\n<p>Informamos que a AGE tamb\u00e9m ser\u00e1 transmitida no canal oficial do SINPRF-SP no Youtube, cujo link ser\u00e1 disponibilizado momentos antes do seu in\u00edcio, al\u00e9m da participa\u00e7\u00e3o presencial na AGE. O Sindicato tem se esfor\u00e7ado por levar informa\u00e7\u00f5es de forma presencial, para que possamos estar nivelados e aptos a buscar a revers\u00e3o da atual crise.<\/p>\n\n\n\n<p>Reitero aqui o que est\u00e1 claro quando olhamos para at\u00e9 onde chegamos:<\/p>\n\n\n\n<p>\u201cA hist\u00f3ria da PRF \u00e9 a hist\u00f3ria da constru\u00e7\u00e3o da PRF pelos pr\u00f3prios PRFs.\u201d<\/p>\n\n\n\n<p>E este tem que ser mais um cap\u00edtulo desta constru\u00e7\u00e3o, pois n\u00e3o se trata de um reajuste ou de uma mera reestrutura\u00e7\u00e3o da tabela de vencimentos. O que est\u00e1 em jogo \u00e9 o reconhecimento do real valor da PRF e nossa miss\u00e3o \u00e9 demonstrar que defender a Seguran\u00e7a P\u00fablica \u00e9 valorizar o Policial Rodovi\u00e1rio Federal.<\/p>\n\n\n\n<p>Nos vemos em breve,<\/p>\n\n\n\n<p><\/p>\n\n\n\n<p>Forte abra\u00e7o e Sauda\u00e7\u00f5es Incans\u00e1veis.<\/p>\n\n\n\n<p><strong>Ot\u00e1vio Oliveira<\/strong><\/p>\n\n\n\n<p><strong>Presidente do SINPRF-SP<\/strong><\/p>\n\n\n\n<p><\/p>\n\n\n\n<figure class=\"wp-block-image size-large is-style-default\"><img fetchpriority=\"high\" decoding=\"async\" width=\"701\" height=\"1024\" src=\"https:\/\/sinprfsp.org.br\/wp-content\/uploads\/2022\/04\/AGE_22_04_22-701x1024.jpg\" alt=\"\" class=\"wp-image-17077\" srcset=\"https:\/\/sinprfsp.org.br\/wp-content\/uploads\/2022\/04\/AGE_22_04_22-701x1024.jpg 701w, https:\/\/sinprfsp.org.br\/wp-content\/uploads\/2022\/04\/AGE_22_04_22-768x1121.jpg 768w, https:\/\/sinprfsp.org.br\/wp-content\/uploads\/2022\/04\/AGE_22_04_22-scaled.jpg 1753w\" sizes=\"(max-width: 701px) 100vw, 701px\" \/><\/figure>\n","protected":false},"excerpt":{"rendered":"<p>Nesta sexta-feira (22\/04), \u00e0s 10hs, teremos uma importante AGE sobre os rumos do projeto de Reestrutura\u00e7\u00e3o de nossa Carreira.<\/p>\n","protected":false},"author":3,"featured_media":17079,"comment_status":"closed","ping_status":"closed","sticky":false,"template":"","format":"standard","meta":{"footnotes":""},"categories":[41],"tags":[],"class_list":["post-17076","post","type-post","status-publish","format-standard","has-post-thumbnail","hentry","category-noticias-em-destaque"],"_links":{"self":[{"href":"https:\/\/sinprfsp.org.br\/index.php\/wp-json\/wp\/v2\/posts\/17076","targetHints":{"allow":["GET"]}}],"collection":[{"href":"https:\/\/sinprfsp.org.br\/index.php\/wp-json\/wp\/v2\/posts"}],"about":[{"href":"https:\/\/sinprfsp.org.br\/index.php\/wp-json\/wp\/v2\/types\/post"}],"author":[{"embeddable":true,"href":"https:\/\/sinprfsp.org.br\/index.php\/wp-json\/wp\/v2\/users\/3"}],"replies":[{"embeddable":true,"href":"https:\/\/sinprfsp.org.br\/index.php\/wp-json\/wp\/v2\/comments?post=17076"}],"version-history":[{"count":3,"href":"https:\/\/sinprfsp.org.br\/index.php\/wp-json\/wp\/v2\/posts\/17076\/revisions"}],"predecessor-version":[{"id":17081,"href":"https:\/\/sinprfsp.org.br\/index.php\/wp-json\/wp\/v2\/posts\/17076\/revisions\/17081"}],"wp:featuredmedia":[{"embeddable":true,"href":"https:\/\/sinprfsp.org.br\/index.php\/wp-json\/wp\/v2\/media\/17079"}],"wp:attachment":[{"href":"https:\/\/sinprfsp.org.br\/index.php\/wp-json\/wp\/v2\/media?parent=17076"}],"wp:term":[{"taxonomy":"category","embeddable":true,"href":"https:\/\/sinprfsp.org.br\/index.php\/wp-json\/wp\/v2\/categories?post=17076"},{"taxonomy":"post_tag","embeddable":true,"href":"https:\/\/sinprfsp.org.br\/index.php\/wp-json\/wp\/v2\/tags?post=17076"}],"curies":[{"name":"wp","href":"https:\/\/api.w.org\/{rel}","templated":true}]}}