{"id":17095,"date":"2022-04-25T15:12:26","date_gmt":"2022-04-25T18:12:26","guid":{"rendered":"https:\/\/sinprfsp.org.br\/?p=17095"},"modified":"2022-04-25T15:40:24","modified_gmt":"2022-04-25T18:40:24","slug":"nota-publica-fenaprf-a-quem-interessa-uma-policia-desvalorizada","status":"publish","type":"post","link":"https:\/\/sinprfsp.org.br\/index.php\/2022\/04\/25\/nota-publica-fenaprf-a-quem-interessa-uma-policia-desvalorizada\/","title":{"rendered":"NOTA P\u00daBLICA FENAPRF \u2013 A quem interessa uma Pol\u00edcia desvalorizada?"},"content":{"rendered":"\n<p>O Ministro da Economia, Paulo Guedes, mais uma vez, trabalha contra as for\u00e7as de seguran\u00e7a da Uni\u00e3o, se utilizando de vazamentos seletivos na imprensa e de FAKE NEWS.<\/p>\n\n\n\n<p>Em entrevista coletiva concedida nesta quinta (21), nos EUA, ele disse que a reestrutura\u00e7\u00e3o das Pol\u00edcias da Uni\u00e3o seria vedada pela legisla\u00e7\u00e3o eleitoral, o que n\u00e3o \u00e9 verdade, uma vez que a lei eleitoral veda apenas reajuste linear superior \u00e0 infla\u00e7\u00e3o nos 180 dias que antecedem \u00e0s elei\u00e7\u00f5es.<\/p>\n\n\n\n<p>A reestrutura\u00e7\u00e3o de carreiras espec\u00edficas \u00e9 permitida pela legisla\u00e7\u00e3o at\u00e9 180 dias antes do final do mandato, conforme estabelece a Lei de Responsabilidade Fiscal, entendimento inclusive pac\u00edfico na jurisprud\u00eancia do TSE.<\/p>\n\n\n\n<p>A FenaPRF repudia o fato de que, mais uma vez, o ministro da Economia demonstrou profunda falta de respeito com as for\u00e7as policiais brasileiras.<\/p>\n\n\n\n<p>Parece que ao Senhor Ministro Paulo Guedes interessa sim a desvaloriza\u00e7\u00e3o da Seguran\u00e7a P\u00fablica (e de todo o servi\u00e7o p\u00fablico). Contudo, os Policiais Rodovi\u00e1rios Federais seguir\u00e3o cobrando o cumprimento do compromisso assumido pelo Senhor Presidente da Rep\u00fablica de corrigir as distor\u00e7\u00f5es salariais das for\u00e7as policiais da Uni\u00e3o em rela\u00e7\u00e3o aos demais servidores federais.<\/p>\n\n\n\n<p>Os PRFs n\u00e3o cair\u00e3o na fal\u00e1cia de que \u201co governo queria, mas, infelizmente, n\u00e3o ser\u00e1 poss\u00edvel\u201d.<\/p>\n\n\n\n<p>Fonte: FenaPRF<\/p>\n\n\n\n<p><\/p>\n\n\n\n<p><\/p>\n","protected":false},"excerpt":{"rendered":"<p>O Ministro da Economia, Paulo Guedes, mais uma vez, trabalha contra as for\u00e7as de seguran\u00e7a da Uni\u00e3o, se utilizando de vazamentos seletivos na imprensa e de FAKE NEWS.<br \/>\nA FenaPRF repudia o fato de que, mais uma vez, o ministro da Economia demonstrou profunda falta de respeito com as for\u00e7as policiais brasileiras.<\/p>\n","protected":false},"author":3,"featured_media":17097,"comment_status":"closed","ping_status":"closed","sticky":false,"template":"","format":"standard","meta":{"footnotes":""},"categories":[41],"tags":[],"class_list":["post-17095","post","type-post","status-publish","format-standard","has-post-thumbnail","hentry","category-noticias-em-destaque"],"_links":{"self":[{"href":"https:\/\/sinprfsp.org.br\/index.php\/wp-json\/wp\/v2\/posts\/17095","targetHints":{"allow":["GET"]}}],"collection":[{"href":"https:\/\/sinprfsp.org.br\/index.php\/wp-json\/wp\/v2\/posts"}],"about":[{"href":"https:\/\/sinprfsp.org.br\/index.php\/wp-json\/wp\/v2\/types\/post"}],"author":[{"embeddable":true,"href":"https:\/\/sinprfsp.org.br\/index.php\/wp-json\/wp\/v2\/users\/3"}],"replies":[{"embeddable":true,"href":"https:\/\/sinprfsp.org.br\/index.php\/wp-json\/wp\/v2\/comments?post=17095"}],"version-history":[{"count":2,"href":"https:\/\/sinprfsp.org.br\/index.php\/wp-json\/wp\/v2\/posts\/17095\/revisions"}],"predecessor-version":[{"id":17098,"href":"https:\/\/sinprfsp.org.br\/index.php\/wp-json\/wp\/v2\/posts\/17095\/revisions\/17098"}],"wp:featuredmedia":[{"embeddable":true,"href":"https:\/\/sinprfsp.org.br\/index.php\/wp-json\/wp\/v2\/media\/17097"}],"wp:attachment":[{"href":"https:\/\/sinprfsp.org.br\/index.php\/wp-json\/wp\/v2\/media?parent=17095"}],"wp:term":[{"taxonomy":"category","embeddable":true,"href":"https:\/\/sinprfsp.org.br\/index.php\/wp-json\/wp\/v2\/categories?post=17095"},{"taxonomy":"post_tag","embeddable":true,"href":"https:\/\/sinprfsp.org.br\/index.php\/wp-json\/wp\/v2\/tags?post=17095"}],"curies":[{"name":"wp","href":"https:\/\/api.w.org\/{rel}","templated":true}]}}