{"id":17108,"date":"2022-04-28T19:20:39","date_gmt":"2022-04-28T22:20:39","guid":{"rendered":"https:\/\/sinprfsp.org.br\/?p=17108"},"modified":"2022-04-28T19:20:41","modified_gmt":"2022-04-28T22:20:41","slug":"prfs-participam-de-ato-publico-nacional-pela-reestruturacao-das-carreiras-policiais","status":"publish","type":"post","link":"https:\/\/sinprfsp.org.br\/index.php\/2022\/04\/28\/prfs-participam-de-ato-publico-nacional-pela-reestruturacao-das-carreiras-policiais\/","title":{"rendered":"PRFs participam de Ato P\u00fablico Nacional pela Reestrutura\u00e7\u00e3o das carreiras policiais"},"content":{"rendered":"\n<p>O Ato P\u00fablico, chamado pelas entidades representativas dos cargos policiais da Uni\u00e3o (PRF, PF e PPF), ocorreu nesta quinta-feira (28) em todo o pa\u00eds. Em S\u00e3o Paulo a manifesta\u00e7\u00e3o foi realizada em frente \u00e0 sede da Pol\u00edcia Federal.<\/p>\n\n\n\n<p>O objetivo do ato foi sinalizar ao Governo Federal a necessidade de dar continuidade aos projetos de Reestrutura\u00e7\u00e3o da Carreiras Policiais, elaborados pelos \u00d3rg\u00e3os e pelo Minist\u00e9rio da Justi\u00e7a, e que agora encontram barreiras no Minist\u00e9rio da Economia.<\/p>\n\n\n\n<p>\u201cA valoriza\u00e7\u00e3o da Seguran\u00e7a P\u00fablica \u00e9 uma das principais bandeira do atual Governo, e o Presidente Jair Bolsonaro por diversas vezes se comprometeu em acabar com as distor\u00e7\u00f5es de tratamento entre as carreiras policiais e as demais carreiras t\u00edpicas de Estado. Os recursos financeiros necess\u00e1rios foram aprovados pela C\u00e2mara e Senado ainda em 2021, e a Lei de Or\u00e7amento de 2022 foi sancionada prevendo o investimento\u201d, explicou o presidente do SINPRF-SP, Ot\u00e1vio Oliveira.<\/p>\n\n\n\n<figure class=\"wp-block-gallery columns-3 is-cropped wp-block-gallery-1 is-layout-flex wp-block-gallery-is-layout-flex\"><ul class=\"blocks-gallery-grid\"><li class=\"blocks-gallery-item\"><figure><img fetchpriority=\"high\" decoding=\"async\" width=\"1024\" height=\"768\" src=\"https:\/\/sinprfsp.org.br\/wp-content\/uploads\/2022\/04\/Ato_Publico_Nacional_SP_22deabril_05.jpeg\" alt=\"\" data-id=\"17109\" data-full-url=\"https:\/\/sinprfsp.org.br\/wp-content\/uploads\/2022\/04\/Ato_Publico_Nacional_SP_22deabril_05.jpeg\" data-link=\"https:\/\/sinprfsp.org.br\/?attachment_id=17109\" class=\"wp-image-17109\" srcset=\"https:\/\/sinprfsp.org.br\/wp-content\/uploads\/2022\/04\/Ato_Publico_Nacional_SP_22deabril_05.jpeg 1024w, https:\/\/sinprfsp.org.br\/wp-content\/uploads\/2022\/04\/Ato_Publico_Nacional_SP_22deabril_05-768x576.jpeg 768w\" sizes=\"(max-width: 1024px) 100vw, 1024px\" \/><\/figure><\/li><li class=\"blocks-gallery-item\"><figure><img decoding=\"async\" width=\"1024\" height=\"768\" src=\"https:\/\/sinprfsp.org.br\/wp-content\/uploads\/2022\/04\/Ato_Publico_Nacional_SP_22deabril_07-1024x768.jpeg\" alt=\"\" data-id=\"17110\" data-full-url=\"https:\/\/sinprfsp.org.br\/wp-content\/uploads\/2022\/04\/Ato_Publico_Nacional_SP_22deabril_07.jpeg\" data-link=\"https:\/\/sinprfsp.org.br\/?attachment_id=17110\" class=\"wp-image-17110\" srcset=\"https:\/\/sinprfsp.org.br\/wp-content\/uploads\/2022\/04\/Ato_Publico_Nacional_SP_22deabril_07-1024x768.jpeg 1024w, https:\/\/sinprfsp.org.br\/wp-content\/uploads\/2022\/04\/Ato_Publico_Nacional_SP_22deabril_07-768x576.jpeg 768w, https:\/\/sinprfsp.org.br\/wp-content\/uploads\/2022\/04\/Ato_Publico_Nacional_SP_22deabril_07.jpeg 1600w\" sizes=\"(max-width: 1024px) 100vw, 1024px\" \/><\/figure><\/li><li class=\"blocks-gallery-item\"><figure><img decoding=\"async\" width=\"1024\" height=\"576\" src=\"https:\/\/sinprfsp.org.br\/wp-content\/uploads\/2022\/04\/Ato_Publico_Nacional_SP_22deabril_08-1024x576.jpeg\" alt=\"\" data-id=\"17111\" data-full-url=\"https:\/\/sinprfsp.org.br\/wp-content\/uploads\/2022\/04\/Ato_Publico_Nacional_SP_22deabril_08.jpeg\" data-link=\"https:\/\/sinprfsp.org.br\/?attachment_id=17111\" class=\"wp-image-17111\" srcset=\"https:\/\/sinprfsp.org.br\/wp-content\/uploads\/2022\/04\/Ato_Publico_Nacional_SP_22deabril_08-1024x576.jpeg 1024w, https:\/\/sinprfsp.org.br\/wp-content\/uploads\/2022\/04\/Ato_Publico_Nacional_SP_22deabril_08-768x432.jpeg 768w, https:\/\/sinprfsp.org.br\/wp-content\/uploads\/2022\/04\/Ato_Publico_Nacional_SP_22deabril_08.jpeg 1600w\" sizes=\"(max-width: 1024px) 100vw, 1024px\" \/><\/figure><\/li><\/ul><\/figure>\n","protected":false},"excerpt":{"rendered":"<p>O Ato P\u00fablico, chamado pelas entidades representativas dos cargos policiais da Uni\u00e3o (PRF, PF e PPF), ocorreu nesta quinta-feira (28) em todo o pa\u00eds. Em S\u00e3o Paulo a manifesta\u00e7\u00e3o foi realizada em frente \u00e0 sede da Pol\u00edcia Federal.<\/p>\n","protected":false},"author":3,"featured_media":17112,"comment_status":"closed","ping_status":"closed","sticky":false,"template":"","format":"standard","meta":{"footnotes":""},"categories":[41],"tags":[],"class_list":["post-17108","post","type-post","status-publish","format-standard","has-post-thumbnail","hentry","category-noticias-em-destaque"],"_links":{"self":[{"href":"https:\/\/sinprfsp.org.br\/index.php\/wp-json\/wp\/v2\/posts\/17108","targetHints":{"allow":["GET"]}}],"collection":[{"href":"https:\/\/sinprfsp.org.br\/index.php\/wp-json\/wp\/v2\/posts"}],"about":[{"href":"https:\/\/sinprfsp.org.br\/index.php\/wp-json\/wp\/v2\/types\/post"}],"author":[{"embeddable":true,"href":"https:\/\/sinprfsp.org.br\/index.php\/wp-json\/wp\/v2\/users\/3"}],"replies":[{"embeddable":true,"href":"https:\/\/sinprfsp.org.br\/index.php\/wp-json\/wp\/v2\/comments?post=17108"}],"version-history":[{"count":1,"href":"https:\/\/sinprfsp.org.br\/index.php\/wp-json\/wp\/v2\/posts\/17108\/revisions"}],"predecessor-version":[{"id":17113,"href":"https:\/\/sinprfsp.org.br\/index.php\/wp-json\/wp\/v2\/posts\/17108\/revisions\/17113"}],"wp:featuredmedia":[{"embeddable":true,"href":"https:\/\/sinprfsp.org.br\/index.php\/wp-json\/wp\/v2\/media\/17112"}],"wp:attachment":[{"href":"https:\/\/sinprfsp.org.br\/index.php\/wp-json\/wp\/v2\/media?parent=17108"}],"wp:term":[{"taxonomy":"category","embeddable":true,"href":"https:\/\/sinprfsp.org.br\/index.php\/wp-json\/wp\/v2\/categories?post=17108"},{"taxonomy":"post_tag","embeddable":true,"href":"https:\/\/sinprfsp.org.br\/index.php\/wp-json\/wp\/v2\/tags?post=17108"}],"curies":[{"name":"wp","href":"https:\/\/api.w.org\/{rel}","templated":true}]}}