{"id":17115,"date":"2022-05-03T11:49:03","date_gmt":"2022-05-03T14:49:03","guid":{"rendered":"https:\/\/sinprfsp.org.br\/?p=17115"},"modified":"2022-05-03T11:49:03","modified_gmt":"2022-05-03T14:49:03","slug":"sindicatos-dos-prfs-se-reunem-em-brasilia","status":"publish","type":"post","link":"https:\/\/sinprfsp.org.br\/index.php\/2022\/05\/03\/sindicatos-dos-prfs-se-reunem-em-brasilia\/","title":{"rendered":"Sindicatos dos PRFs se re\u00fanem em Bras\u00edlia"},"content":{"rendered":"\n<p>Sindicatos dos PRFs se re\u00fanem esta semana em Bras\u00edlia para discutirem sobre o recuou do Presidente Jair Bolsonaro em seu compromisso com a categoria.<\/p>\n\n\n\n<p>A FenaPRF dever\u00e1 propor manifesta\u00e7\u00f5es em todo pa\u00eds durante todo m\u00eas de maio. Em 01\/06 teremos, em Bras\u00edlia, a maior manifesta\u00e7\u00e3o de policiais de todo o pa\u00eds.<\/p>\n\n\n\n<p>Juntos Somos Mais Fortes!<\/p>\n\n\n\n<p>#Reestrutura\u00e7\u00e3oJ\u00e1<\/p>\n","protected":false},"excerpt":{"rendered":"<p>Sindicatos dos PRFs se re\u00fanem esta semana em Bras\u00edlia para discutirem sobre o recuou do Presidente Jair Bolsonaro em seu compromisso com a categoria.<\/p>\n","protected":false},"author":3,"featured_media":17116,"comment_status":"closed","ping_status":"closed","sticky":false,"template":"","format":"standard","meta":{"footnotes":""},"categories":[41],"tags":[],"class_list":["post-17115","post","type-post","status-publish","format-standard","has-post-thumbnail","hentry","category-noticias-em-destaque"],"_links":{"self":[{"href":"https:\/\/sinprfsp.org.br\/index.php\/wp-json\/wp\/v2\/posts\/17115","targetHints":{"allow":["GET"]}}],"collection":[{"href":"https:\/\/sinprfsp.org.br\/index.php\/wp-json\/wp\/v2\/posts"}],"about":[{"href":"https:\/\/sinprfsp.org.br\/index.php\/wp-json\/wp\/v2\/types\/post"}],"author":[{"embeddable":true,"href":"https:\/\/sinprfsp.org.br\/index.php\/wp-json\/wp\/v2\/users\/3"}],"replies":[{"embeddable":true,"href":"https:\/\/sinprfsp.org.br\/index.php\/wp-json\/wp\/v2\/comments?post=17115"}],"version-history":[{"count":1,"href":"https:\/\/sinprfsp.org.br\/index.php\/wp-json\/wp\/v2\/posts\/17115\/revisions"}],"predecessor-version":[{"id":17117,"href":"https:\/\/sinprfsp.org.br\/index.php\/wp-json\/wp\/v2\/posts\/17115\/revisions\/17117"}],"wp:featuredmedia":[{"embeddable":true,"href":"https:\/\/sinprfsp.org.br\/index.php\/wp-json\/wp\/v2\/media\/17116"}],"wp:attachment":[{"href":"https:\/\/sinprfsp.org.br\/index.php\/wp-json\/wp\/v2\/media?parent=17115"}],"wp:term":[{"taxonomy":"category","embeddable":true,"href":"https:\/\/sinprfsp.org.br\/index.php\/wp-json\/wp\/v2\/categories?post=17115"},{"taxonomy":"post_tag","embeddable":true,"href":"https:\/\/sinprfsp.org.br\/index.php\/wp-json\/wp\/v2\/tags?post=17115"}],"curies":[{"name":"wp","href":"https:\/\/api.w.org\/{rel}","templated":true}]}}