{"id":17607,"date":"2023-03-13T07:48:34","date_gmt":"2023-03-13T10:48:34","guid":{"rendered":"https:\/\/sinprfsp.org.br\/?p=17607"},"modified":"2023-03-13T07:48:35","modified_gmt":"2023-03-13T10:48:35","slug":"flavio-dino-recebe-fenaprf-e-promete-atencao-as-pautas-dos-prfs","status":"publish","type":"post","link":"https:\/\/sinprfsp.org.br\/index.php\/2023\/03\/13\/flavio-dino-recebe-fenaprf-e-promete-atencao-as-pautas-dos-prfs\/","title":{"rendered":"Fl\u00e1vio Dino recebe FenaPRF e promete aten\u00e7\u00e3o \u00e0s pautas dos PRFs"},"content":{"rendered":"\n<p>O presidente da FenaPRF, Dovercino Neto, se reuniu na tarde da \u00faltima sexta-feira (10) com o Ministro da Justi\u00e7a, Fl\u00e1vio Dino, e o diretor-geral da PRF, Ant\u00f4nio Fernando.<\/p>\n\n\n\n<p>A pauta da reuni\u00e3o, ocorrida na sede do Minist\u00e9rio da Justi\u00e7a, em Bras\u00edlia, contou com a discuss\u00e3o de pontos sens\u00edveis para a categoria dos Policiais Rodovi\u00e1rios Federais, como a valoriza\u00e7\u00e3o da carreira e a aten\u00e7\u00e3o \u00e0s condi\u00e7\u00f5es de trabalho dos servidores.<\/p>\n\n\n\n<p>Fl\u00e1vio Dino fez quest\u00e3o de refor\u00e7ar sua admira\u00e7\u00e3o e respeito pelo trabalho desenvolvido pelos PRFs em todo o pa\u00eds e destacou que as pautas que dependam de esfor\u00e7o exclusivo do Minist\u00e9rio da Justi\u00e7a e Seguran\u00e7a P\u00fablica (MJSP), como a dedica\u00e7\u00e3o exclusiva e a quest\u00e3o das localidades estrat\u00e9gicas, ter\u00e3o atendimento priorit\u00e1rio.<\/p>\n\n\n\n<p>Para o presidente da FenaPRF, Dovercino Neto, o encontro foi um importante passo na luta pela real valoriza\u00e7\u00e3o da carreira PRF, com a reafirma\u00e7\u00e3o da import\u00e2ncia e refer\u00eancia do trabalho realizado pelos PRFs em todo o Brasil por uma seguran\u00e7a p\u00fablica mais eficiente e cidad\u00e3.<\/p>\n\n\n\n<p>Fonte: FenaPRF<\/p>\n","protected":false},"excerpt":{"rendered":"<p>O presidente da FenaPRF, Dovercino Neto, se reuniu na tarde da \u00faltima sexta-feira (10) com o Ministro da Justi\u00e7a, Fl\u00e1vio Dino, e o diretor-geral da PRF, Ant\u00f4nio Fernando. A pauta da reuni\u00e3o, ocorrida na sede do Minist\u00e9rio da Justi\u00e7a, em Bras\u00edlia, contou com a discuss\u00e3o de pontos sens\u00edveis para a categoria dos Policiais Rodovi\u00e1rios Federais, [&hellip;]<\/p>\n","protected":false},"author":3,"featured_media":17608,"comment_status":"closed","ping_status":"closed","sticky":false,"template":"","format":"standard","meta":{"footnotes":""},"categories":[41],"tags":[],"class_list":["post-17607","post","type-post","status-publish","format-standard","has-post-thumbnail","hentry","category-noticias-em-destaque"],"_links":{"self":[{"href":"https:\/\/sinprfsp.org.br\/index.php\/wp-json\/wp\/v2\/posts\/17607","targetHints":{"allow":["GET"]}}],"collection":[{"href":"https:\/\/sinprfsp.org.br\/index.php\/wp-json\/wp\/v2\/posts"}],"about":[{"href":"https:\/\/sinprfsp.org.br\/index.php\/wp-json\/wp\/v2\/types\/post"}],"author":[{"embeddable":true,"href":"https:\/\/sinprfsp.org.br\/index.php\/wp-json\/wp\/v2\/users\/3"}],"replies":[{"embeddable":true,"href":"https:\/\/sinprfsp.org.br\/index.php\/wp-json\/wp\/v2\/comments?post=17607"}],"version-history":[{"count":1,"href":"https:\/\/sinprfsp.org.br\/index.php\/wp-json\/wp\/v2\/posts\/17607\/revisions"}],"predecessor-version":[{"id":17609,"href":"https:\/\/sinprfsp.org.br\/index.php\/wp-json\/wp\/v2\/posts\/17607\/revisions\/17609"}],"wp:featuredmedia":[{"embeddable":true,"href":"https:\/\/sinprfsp.org.br\/index.php\/wp-json\/wp\/v2\/media\/17608"}],"wp:attachment":[{"href":"https:\/\/sinprfsp.org.br\/index.php\/wp-json\/wp\/v2\/media?parent=17607"}],"wp:term":[{"taxonomy":"category","embeddable":true,"href":"https:\/\/sinprfsp.org.br\/index.php\/wp-json\/wp\/v2\/categories?post=17607"},{"taxonomy":"post_tag","embeddable":true,"href":"https:\/\/sinprfsp.org.br\/index.php\/wp-json\/wp\/v2\/tags?post=17607"}],"curies":[{"name":"wp","href":"https:\/\/api.w.org\/{rel}","templated":true}]}}