{"id":17682,"date":"2023-04-18T14:22:02","date_gmt":"2023-04-18T17:22:02","guid":{"rendered":"https:\/\/sinprfsp.org.br\/?p=17682"},"modified":"2023-04-18T14:22:04","modified_gmt":"2023-04-18T17:22:04","slug":"fenaprf-e-prf-lancam-o-projeto-prf-amiga-dos-autistas","status":"publish","type":"post","link":"https:\/\/sinprfsp.org.br\/index.php\/2023\/04\/18\/fenaprf-e-prf-lancam-o-projeto-prf-amiga-dos-autistas\/","title":{"rendered":"FenaPRF e PRF lan\u00e7am o projeto \u201cPRF Amiga dos Autistas\u201d"},"content":{"rendered":"\n<p>Em parceria com a PRF, a FenaPRF lan\u00e7ar\u00e1 o projeto \u201cPRF Amiga dos Autistas\u201d. O projeto foi pensado para ajudar a divulgar a causa, qualificar os policiais a lidar com colegas que tenham pessoas autistas na fam\u00edlia, al\u00e9m de fornecer meios de uma abordagem mais humana nas rodovias de todo o pa\u00eds.<\/p>\n\n\n\n<p>O presidente da FenaPRF avalia a iniciativa como extremamente necess\u00e1ria para a forma\u00e7\u00e3o humana e profissional dos PRFs. \u201cPrecisamos evoluir nesta pauta, incluir a preocupa\u00e7\u00e3o com as pessoas autistas no dia a dia dos policiais rodovi\u00e1rios federais, no trabalho nas rodovias e na rela\u00e7\u00e3o interpessoal entre os servidores\u201d, explicou.<\/p>\n\n\n\n<p>O evento de lan\u00e7amento do projeto ocorrer\u00e1 nesta quarta-feira (19\/04), no audit\u00f3rio do Minist\u00e9rio da Justi\u00e7a e Seguran\u00e7a P\u00fablica.<\/p>\n","protected":false},"excerpt":{"rendered":"<p>Em parceria com a PRF, a FenaPRF lan\u00e7ar\u00e1 o projeto \u201cPRF Amiga dos Autistas\u201d. O projeto foi pensado para ajudar a divulgar a causa, qualificar os policiais a lidar com colegas que tenham pessoas autistas na fam\u00edlia, al\u00e9m de fornecer meios de uma abordagem mais humana nas rodovias de todo o pa\u00eds. O presidente da [&hellip;]<\/p>\n","protected":false},"author":3,"featured_media":17683,"comment_status":"closed","ping_status":"closed","sticky":false,"template":"","format":"standard","meta":{"footnotes":""},"categories":[41],"tags":[],"class_list":["post-17682","post","type-post","status-publish","format-standard","has-post-thumbnail","hentry","category-noticias-em-destaque"],"_links":{"self":[{"href":"https:\/\/sinprfsp.org.br\/index.php\/wp-json\/wp\/v2\/posts\/17682","targetHints":{"allow":["GET"]}}],"collection":[{"href":"https:\/\/sinprfsp.org.br\/index.php\/wp-json\/wp\/v2\/posts"}],"about":[{"href":"https:\/\/sinprfsp.org.br\/index.php\/wp-json\/wp\/v2\/types\/post"}],"author":[{"embeddable":true,"href":"https:\/\/sinprfsp.org.br\/index.php\/wp-json\/wp\/v2\/users\/3"}],"replies":[{"embeddable":true,"href":"https:\/\/sinprfsp.org.br\/index.php\/wp-json\/wp\/v2\/comments?post=17682"}],"version-history":[{"count":1,"href":"https:\/\/sinprfsp.org.br\/index.php\/wp-json\/wp\/v2\/posts\/17682\/revisions"}],"predecessor-version":[{"id":17684,"href":"https:\/\/sinprfsp.org.br\/index.php\/wp-json\/wp\/v2\/posts\/17682\/revisions\/17684"}],"wp:featuredmedia":[{"embeddable":true,"href":"https:\/\/sinprfsp.org.br\/index.php\/wp-json\/wp\/v2\/media\/17683"}],"wp:attachment":[{"href":"https:\/\/sinprfsp.org.br\/index.php\/wp-json\/wp\/v2\/media?parent=17682"}],"wp:term":[{"taxonomy":"category","embeddable":true,"href":"https:\/\/sinprfsp.org.br\/index.php\/wp-json\/wp\/v2\/categories?post=17682"},{"taxonomy":"post_tag","embeddable":true,"href":"https:\/\/sinprfsp.org.br\/index.php\/wp-json\/wp\/v2\/tags?post=17682"}],"curies":[{"name":"wp","href":"https:\/\/api.w.org\/{rel}","templated":true}]}}