{"id":17725,"date":"2023-05-15T10:32:38","date_gmt":"2023-05-15T13:32:38","guid":{"rendered":"https:\/\/sinprfsp.org.br\/?p=17725"},"modified":"2023-05-15T10:32:40","modified_gmt":"2023-05-15T13:32:40","slug":"contas-do-sinprf-sp-sao-aprovadas-em-assembleia-geral-ordinaria","status":"publish","type":"post","link":"https:\/\/sinprfsp.org.br\/index.php\/2023\/05\/15\/contas-do-sinprf-sp-sao-aprovadas-em-assembleia-geral-ordinaria\/","title":{"rendered":"Contas do SINPRF-SP s\u00e3o aprovadas em Assembleia Geral Ordin\u00e1ria"},"content":{"rendered":"\n<p>Em Assembleia Geral Ordin\u00e1ria e Extraordin\u00e1ria realizada na sede do SINPRF-SP e transmitida de forma on-line pelo canal oficial do sindicato no youtube, no \u00faltimo dia 04\/05, sindicalizados deliberaram sobre a Presta\u00e7\u00e3o de Contas do ano de 2022 e a Previs\u00e3o Or\u00e7ament\u00e1ria para 2023, entre outras pautas.<\/p>\n\n\n\n<p>Participaram do evento al\u00e9m do presidente Ot\u00e1vio Oliveira, os diretores Den\u00edlson Moura, Valdomiro Rapini, Andr\u00e9 Bruni, Carlos Amorim, Ricardo Gomes, Jos\u00e9 Benedito Rodrigues, Paulo S\u00e9rgio Poli, Mauro Abdalla, Kleber Gomes de Fran\u00e7a, Paulo Cunha, Benedito Raul Bento, Francisco Alencar, Em\u00edlio Lescura e o representante na FenaPRF, F\u00e1bio Lu\u00eds de Almeida.<\/p>\n\n\n\n<p>Cumprindo as normas previstas no estatuto, o presidente do Conselho Fiscal, Marcos de Jesus Viana, acompanhado pelos membros Paulo Rog\u00e9rio de Souza e Pedro Setembrino de Moraes, apresentou parecer alusivo \u00e0 movimenta\u00e7\u00e3o financeira prevista e efetivada, bem como a previs\u00e3o or\u00e7ament\u00e1ria.<\/p>\n\n\n\n<p>Colocadas as pautas em vota\u00e7\u00e3o, tanto a Presta\u00e7\u00e3o de Contas do ano de 2022 quanto a Previs\u00e3o Or\u00e7ament\u00e1ria para 2023 foram aprovadas por unanimidade, por todos os sindicalizados.<\/p>\n\n\n\n<p>Outro tema debatido na assembleia foi a necessidade de uma nova reforma do estatuto do SINPRF-SP, que vem desde o ano de 2014 sem contar com nenhuma altera\u00e7\u00e3o.<\/p>\n\n\n\n<p>Segundo o diretor de administra\u00e7\u00e3o Andr\u00e9 Bruni, a reforma do estatuto \u00e9 imprescind\u00edvel para tratar sobre a necessidade de mudan\u00e7as em alguns pontos espec\u00edficos, como, por exemplo, a data da posse das novas diretorias eleitas. Atualmente esta data \u00e9 no 1\u00ba dia \u00fatil do ano, o que acaba sendo invi\u00e1vel para muitos, entre outros pontos.<\/p>\n\n\n\n<p>Sobre essa quest\u00e3o, o presidente Ot\u00e1vio Oliveira prop\u00f4s a elei\u00e7\u00e3o de uma comiss\u00e3o, de 10 PRFs sindicalizados, para iniciar os estudos acerca da reforma do estatuto, a qual foi aprovada por unanimidade.<\/p>\n\n\n\n<p>A respeito da reestrutura\u00e7\u00e3o da carreira, Ot\u00e1vio Oliveira explicou que o projeto \u00e9 muito al\u00e9m do que uma mera nova tabela de vencimentos. \u201cN\u00f3s tentamos trazer todas as atribui\u00e7\u00f5es que hoje est\u00e3o esparsas na carreira e em outros documentos para dentro da nossa nova lei do cargo, excluindo o que n\u00e3o nos \u00e9 interessante\u201d, disse.<\/p>\n\n\n\n<p>Indagado por um sindicalizado, que assistia \u00e0 transmiss\u00e3o ao vivo pelo Youtube, a respeito do fato da reestrutura\u00e7\u00e3o n\u00e3o ter pleiteado a redu\u00e7\u00e3o do n\u00famero de classes padr\u00e3o da carreira, o presidente Ot\u00e1vio respondeu que a comiss\u00e3o optou por uma proposta mais enxuta que tivesse uma maior probabilidade de ser aprovada. \u201cDecidimos lutar por algo menos arriscado e com maior chance de \u00eaxito, por isso, alguns pontos importantes acabaram n\u00e3o sendo contemplados\u201d, relatou.<\/p>\n\n\n\n<p>Sobre as a\u00e7\u00f5es judiciais, o presidente Ot\u00e1vio Oliveira relatou que o setor jur\u00eddico preparou um relat\u00f3rio de todas as a\u00e7\u00f5es coletivas do sindicato. \u201cAcompanhamos todos esses processos semanalmente, mas \u00e9 claro que n\u00e3o podemos esquecer que dependemos da nossa justi\u00e7a, que nem sempre age com a velocidade que n\u00f3s gostar\u00edamos\u201d, disse.<\/p>\n\n\n\n<p>Esclarecendo sobre a a\u00e7\u00e3o coletiva do aux\u00edlio transporte, o presidente explicou que os PRFs que ingressaram antes de 2012, e que ainda est\u00e3o na a\u00e7\u00e3o da FenaPRF, ter\u00e3o o desconto de 6% mas podem fazer uso do carro particular. J\u00e1 os PRFs que ingressaram ap\u00f3s 2012, n\u00e3o podem fazer uso de carro particular e que esta quest\u00e3o \u00e9 um dos pleitos da a\u00e7\u00e3o movida pelo SINPRF-SP.<\/p>\n\n\n\n<p>\u00a0A respeito da a\u00e7\u00e3o dos 28,86%, Ot\u00e1vio Oliveira explicou que desde o come\u00e7o do ano o sindicato est\u00e1 realizando o levantamento de todas as a\u00e7\u00f5es, e que em breve esta tabela estar\u00e1 dispon\u00edvel para todos os sindicalizados. \u201c\u00c9 importante salientar que, devido ao fato do grande n\u00famero de a\u00e7\u00f5es e das diferentes fases que cada a\u00e7\u00e3o se encontra, o trabalho acaba sendo mais dif\u00edcil\u201d, relatou.<\/p>\n\n\n\n<figure class=\"wp-block-gallery columns-3 is-cropped wp-block-gallery-1 is-layout-flex wp-block-gallery-is-layout-flex\"><ul class=\"blocks-gallery-grid\"><li class=\"blocks-gallery-item\"><figure><img fetchpriority=\"high\" decoding=\"async\" width=\"1024\" height=\"574\" src=\"https:\/\/sinprfsp.org.br\/wp-content\/uploads\/2023\/05\/AGE_01-1024x574.jpg\" alt=\"\" data-id=\"17727\" data-full-url=\"https:\/\/sinprfsp.org.br\/wp-content\/uploads\/2023\/05\/AGE_01.jpg\" data-link=\"https:\/\/sinprfsp.org.br\/?attachment_id=17727\" class=\"wp-image-17727\" srcset=\"https:\/\/sinprfsp.org.br\/wp-content\/uploads\/2023\/05\/AGE_01-1024x574.jpg 1024w, https:\/\/sinprfsp.org.br\/wp-content\/uploads\/2023\/05\/AGE_01-768x430.jpg 768w, https:\/\/sinprfsp.org.br\/wp-content\/uploads\/2023\/05\/AGE_01.jpg 1729w\" sizes=\"(max-width: 1024px) 100vw, 1024px\" \/><\/figure><\/li><li class=\"blocks-gallery-item\"><figure><img decoding=\"async\" width=\"1024\" height=\"615\" src=\"https:\/\/sinprfsp.org.br\/wp-content\/uploads\/2023\/05\/AGE_02-1024x615.jpg\" alt=\"\" data-id=\"17728\" data-full-url=\"https:\/\/sinprfsp.org.br\/wp-content\/uploads\/2023\/05\/AGE_02.jpg\" data-link=\"https:\/\/sinprfsp.org.br\/?attachment_id=17728\" class=\"wp-image-17728\" srcset=\"https:\/\/sinprfsp.org.br\/wp-content\/uploads\/2023\/05\/AGE_02-1024x615.jpg 1024w, https:\/\/sinprfsp.org.br\/wp-content\/uploads\/2023\/05\/AGE_02-768x462.jpg 768w, https:\/\/sinprfsp.org.br\/wp-content\/uploads\/2023\/05\/AGE_02.jpg 1972w\" sizes=\"(max-width: 1024px) 100vw, 1024px\" \/><\/figure><\/li><li class=\"blocks-gallery-item\"><figure><img decoding=\"async\" width=\"1024\" height=\"637\" src=\"https:\/\/sinprfsp.org.br\/wp-content\/uploads\/2023\/05\/AGE_03-1024x637.jpg\" alt=\"\" data-id=\"17729\" data-full-url=\"https:\/\/sinprfsp.org.br\/wp-content\/uploads\/2023\/05\/AGE_03.jpg\" data-link=\"https:\/\/sinprfsp.org.br\/?attachment_id=17729\" class=\"wp-image-17729\" srcset=\"https:\/\/sinprfsp.org.br\/wp-content\/uploads\/2023\/05\/AGE_03-1024x637.jpg 1024w, https:\/\/sinprfsp.org.br\/wp-content\/uploads\/2023\/05\/AGE_03-768x478.jpg 768w\" sizes=\"(max-width: 1024px) 100vw, 1024px\" \/><\/figure><\/li><\/ul><\/figure>\n","protected":false},"excerpt":{"rendered":"<p>Em Assembleia Geral Ordin\u00e1ria e Extraordin\u00e1ria realizada na sede do SINPRF-SP e transmitida de forma on-line pelo canal oficial do sindicato no youtube, no \u00faltimo dia 04\/05, sindicalizados deliberaram sobre a Presta\u00e7\u00e3o de Contas do ano de 2022 e a Previs\u00e3o Or\u00e7ament\u00e1ria para 2023, entre outras pautas. Participaram do evento al\u00e9m do presidente Ot\u00e1vio Oliveira, [&hellip;]<\/p>\n","protected":false},"author":3,"featured_media":17726,"comment_status":"open","ping_status":"open","sticky":false,"template":"","format":"standard","meta":{"footnotes":""},"categories":[41],"tags":[],"class_list":["post-17725","post","type-post","status-publish","format-standard","has-post-thumbnail","hentry","category-noticias-em-destaque"],"_links":{"self":[{"href":"https:\/\/sinprfsp.org.br\/index.php\/wp-json\/wp\/v2\/posts\/17725","targetHints":{"allow":["GET"]}}],"collection":[{"href":"https:\/\/sinprfsp.org.br\/index.php\/wp-json\/wp\/v2\/posts"}],"about":[{"href":"https:\/\/sinprfsp.org.br\/index.php\/wp-json\/wp\/v2\/types\/post"}],"author":[{"embeddable":true,"href":"https:\/\/sinprfsp.org.br\/index.php\/wp-json\/wp\/v2\/users\/3"}],"replies":[{"embeddable":true,"href":"https:\/\/sinprfsp.org.br\/index.php\/wp-json\/wp\/v2\/comments?post=17725"}],"version-history":[{"count":1,"href":"https:\/\/sinprfsp.org.br\/index.php\/wp-json\/wp\/v2\/posts\/17725\/revisions"}],"predecessor-version":[{"id":17730,"href":"https:\/\/sinprfsp.org.br\/index.php\/wp-json\/wp\/v2\/posts\/17725\/revisions\/17730"}],"wp:featuredmedia":[{"embeddable":true,"href":"https:\/\/sinprfsp.org.br\/index.php\/wp-json\/wp\/v2\/media\/17726"}],"wp:attachment":[{"href":"https:\/\/sinprfsp.org.br\/index.php\/wp-json\/wp\/v2\/media?parent=17725"}],"wp:term":[{"taxonomy":"category","embeddable":true,"href":"https:\/\/sinprfsp.org.br\/index.php\/wp-json\/wp\/v2\/categories?post=17725"},{"taxonomy":"post_tag","embeddable":true,"href":"https:\/\/sinprfsp.org.br\/index.php\/wp-json\/wp\/v2\/tags?post=17725"}],"curies":[{"name":"wp","href":"https:\/\/api.w.org\/{rel}","templated":true}]}}