{"id":17806,"date":"2023-07-05T11:38:10","date_gmt":"2023-07-05T14:38:10","guid":{"rendered":"https:\/\/sinprfsp.org.br\/?p=17806"},"modified":"2023-07-05T11:45:26","modified_gmt":"2023-07-05T14:45:26","slug":"baile-de-gala-sinprf-sp-firma-parceria-com-hoteis-de-aruja","status":"publish","type":"post","link":"https:\/\/sinprfsp.org.br\/index.php\/2023\/07\/05\/baile-de-gala-sinprf-sp-firma-parceria-com-hoteis-de-aruja\/","title":{"rendered":"Baile de Gala &#8211; SINPRF-SP firma parceria com hot\u00e9is de Aruj\u00e1"},"content":{"rendered":"\n<p>Pensando em seus sindicalizados que moram distantes de Aruj\u00e1, o SINPRF-SP fechou parceria com 04 hot\u00e9is, que juntos est\u00e3o oferecendo descontos de 10% no valor de suas di\u00e1rias aos sindicalizados que participarem do <strong>Baile de Gala<\/strong> em comemora\u00e7\u00e3o ao Dia do PRF e aos 95 anos da PRF, que ser\u00e1 realizado no <strong>dia 05 de agosto<\/strong>, a partir das<strong> 21h<\/strong>, no <strong>Nipoon Country Clube<\/strong>, na cidade de Aruj\u00e1.<\/p>\n\n\n\n<p><strong>Confira as acomoda\u00e7\u00f5es dispon\u00edveis:<\/strong><\/p>\n\n\n\n<p><strong>Hotel Central<\/strong> oferece as seguintes acomoda\u00e7\u00f5es: 01 Pessoa (Standard &#8211; R$ 95\/Standard na su\u00edte com + camas &#8211; R$105\/Luxo &#8211; R$125; 02 Pessoas (Standard &#8211; R$150,00\/Luxo &#8211; R$175); 03 Pessoas (Standard &#8211; R$190\/Luxo &#8211; R$220); 04 Pessoas (Standard &#8211; R$260\/Luxo &#8211; R$280); 05 Pessoas (Standard &#8211; R$ 290\/Luxo &#8211; R$310) e 06 Pessoas (Luxo \u2013 R$350). No caso de reservas ou esclarecimento de d\u00favidas, os interessados podem entrar em contato com o gerente F\u00e1bio, pelo telefone (11) 4653-1111.<\/p>\n\n\n\n<p><strong>Hotel Planalto I<\/strong> oferece as seguintes acomoda\u00e7\u00f5es: Individual (Luxo &#8211; R$145); Duplo (Standard &#8211; R$175); Duplo (Luxo &#8211; R$195); Triplo (Luxo &#8211; R$ 240); Qu\u00e1druplo (Luxo &#8211; R$ 280).<\/p>\n\n\n\n<p><strong>Hotel Planalto II<\/strong> oferece as seguintes acomoda\u00e7\u00f5es: 01 Pessoa (Standard &#8211; R$ 95\/Standard na su\u00edte com + camas &#8211; R$105\/ Luxo &#8211; R$125); 02 Pessoas (Standard&nbsp;&nbsp; &#8211; R$149\/Luxo R$169); 03 Pessoas (Standard &#8211; R$190\/Luxo &#8211; R$210), 04 Pessoas (Standard &#8211; R$250\/Luxo &#8211; R$270), 05 Pessoas (Standard &#8211; R$ 290\/Luxo &#8211; R$310); 06 Pessoas (Luxo \u2013 R$350). Para reservas ou d\u00favidas relacionadas aos hot\u00e9is Planalto I e II, os sindicalizados podem entrar em contato com o gerente F\u00e1bio pelo telefone (11) 3754-1111.<\/p>\n\n\n\n<p>No Hotel Ibis Aruj\u00e1 os sindicalizados podem obter mais informa\u00e7\u00f5es sobre os valores das di\u00e1rias diretamente no site: <a href=\"https:\/\/all.accor.com\/hotel\/A0H3\/index.pt-br.shtml\">https:\/\/all.accor.com\/hotel\/A0H3\/index.pt-br.shtml<\/a> ou pelo telefone: (11) 114610-6527.<\/p>\n","protected":false},"excerpt":{"rendered":"<p>Pensando em seus sindicalizados que moram distantes de Aruj\u00e1, o SINPRF-SP fechou parceria com 04 hot\u00e9is, que juntos est\u00e3o oferecendo descontos de 10% no valor de suas di\u00e1rias aos sindicalizados que participarem do Baile de Gala em comemora\u00e7\u00e3o ao Dia do PRF e aos 95 anos da PRF, que ser\u00e1 realizado no dia 05 de [&hellip;]<\/p>\n","protected":false},"author":3,"featured_media":17807,"comment_status":"closed","ping_status":"closed","sticky":false,"template":"","format":"standard","meta":{"footnotes":""},"categories":[41,1],"tags":[],"class_list":["post-17806","post","type-post","status-publish","format-standard","has-post-thumbnail","hentry","category-noticias-em-destaque","category-noticias-gerais"],"_links":{"self":[{"href":"https:\/\/sinprfsp.org.br\/index.php\/wp-json\/wp\/v2\/posts\/17806","targetHints":{"allow":["GET"]}}],"collection":[{"href":"https:\/\/sinprfsp.org.br\/index.php\/wp-json\/wp\/v2\/posts"}],"about":[{"href":"https:\/\/sinprfsp.org.br\/index.php\/wp-json\/wp\/v2\/types\/post"}],"author":[{"embeddable":true,"href":"https:\/\/sinprfsp.org.br\/index.php\/wp-json\/wp\/v2\/users\/3"}],"replies":[{"embeddable":true,"href":"https:\/\/sinprfsp.org.br\/index.php\/wp-json\/wp\/v2\/comments?post=17806"}],"version-history":[{"count":4,"href":"https:\/\/sinprfsp.org.br\/index.php\/wp-json\/wp\/v2\/posts\/17806\/revisions"}],"predecessor-version":[{"id":17811,"href":"https:\/\/sinprfsp.org.br\/index.php\/wp-json\/wp\/v2\/posts\/17806\/revisions\/17811"}],"wp:featuredmedia":[{"embeddable":true,"href":"https:\/\/sinprfsp.org.br\/index.php\/wp-json\/wp\/v2\/media\/17807"}],"wp:attachment":[{"href":"https:\/\/sinprfsp.org.br\/index.php\/wp-json\/wp\/v2\/media?parent=17806"}],"wp:term":[{"taxonomy":"category","embeddable":true,"href":"https:\/\/sinprfsp.org.br\/index.php\/wp-json\/wp\/v2\/categories?post=17806"},{"taxonomy":"post_tag","embeddable":true,"href":"https:\/\/sinprfsp.org.br\/index.php\/wp-json\/wp\/v2\/tags?post=17806"}],"curies":[{"name":"wp","href":"https:\/\/api.w.org\/{rel}","templated":true}]}}