{"id":18006,"date":"2023-11-21T15:28:57","date_gmt":"2023-11-21T18:28:57","guid":{"rendered":"https:\/\/sinprfsp.org.br\/?p=18006"},"modified":"2023-11-22T15:30:37","modified_gmt":"2023-11-22T18:30:37","slug":"nesta-semana-o-sistema-sindical-prf-esta-reunido-em-brasilia-concentrando-seus-esforcos-no-congresso-nacional","status":"publish","type":"post","link":"https:\/\/sinprfsp.org.br\/index.php\/2023\/11\/21\/nesta-semana-o-sistema-sindical-prf-esta-reunido-em-brasilia-concentrando-seus-esforcos-no-congresso-nacional\/","title":{"rendered":"Nesta semana, o Sistema Sindical PRF est\u00e1 reunido em Bras\u00edlia concentrando seus esfor\u00e7os no Congresso Nacional"},"content":{"rendered":"\n<p>Na manh\u00e3 desta ter\u00e7a-feira (21), o sistema sindical participa de uma Audi\u00eancia P\u00fablica, realizada no Plen\u00e1rio 11, anexo II da C\u00e2mara dos Deputados, onde est\u00e1 sendo realizado uma homenagem ao Dia do Policial Rodovi\u00e1rio Federal, bem como a formaliza\u00e7\u00e3o em Lei do Dia do PRF, a\u00e7\u00e3o esta que fortalece ainda mais a imagem e a presen\u00e7a da PRF.<br><br>No per\u00edodo da tarde, o representantes sindicais ir\u00e3o acompanhar a vota\u00e7\u00e3o da emenda da LOA.<br><br>O SINPRF-SP est\u00e1 sendo representado por seu presidente Ot\u00e1vio Oliveira e por seu delegado representante F\u00e1bio Lu\u00eds de Almeida, que tamb\u00e9m \u00e9 diretor da FenaPRF e membro da Comiss\u00e3o Nacional de Mobiliza\u00e7\u00e3o da campanha de reestrutura\u00e7\u00e3o.<\/p>\n\n\n\n<p>#Reestrutura\u00e7\u00e3oJ\u00e1<\/p>\n\n\n\n<p>#sinprfsp<\/p>\n","protected":false},"excerpt":{"rendered":"<p>Na manh\u00e3 desta ter\u00e7a-feira (21), o sistema sindical participa de uma Audi\u00eancia P\u00fablica, realizada no Plen\u00e1rio 11, anexo II da C\u00e2mara dos Deputados, onde est\u00e1 sendo realizado uma homenagem ao Dia do Policial Rodovi\u00e1rio Federal, bem como a formaliza\u00e7\u00e3o em Lei do Dia do PRF, a\u00e7\u00e3o esta que fortalece ainda mais a imagem e a [&hellip;]<\/p>\n","protected":false},"author":3,"featured_media":18007,"comment_status":"closed","ping_status":"closed","sticky":false,"template":"","format":"standard","meta":{"footnotes":""},"categories":[41],"tags":[],"class_list":["post-18006","post","type-post","status-publish","format-standard","has-post-thumbnail","hentry","category-noticias-em-destaque"],"_links":{"self":[{"href":"https:\/\/sinprfsp.org.br\/index.php\/wp-json\/wp\/v2\/posts\/18006","targetHints":{"allow":["GET"]}}],"collection":[{"href":"https:\/\/sinprfsp.org.br\/index.php\/wp-json\/wp\/v2\/posts"}],"about":[{"href":"https:\/\/sinprfsp.org.br\/index.php\/wp-json\/wp\/v2\/types\/post"}],"author":[{"embeddable":true,"href":"https:\/\/sinprfsp.org.br\/index.php\/wp-json\/wp\/v2\/users\/3"}],"replies":[{"embeddable":true,"href":"https:\/\/sinprfsp.org.br\/index.php\/wp-json\/wp\/v2\/comments?post=18006"}],"version-history":[{"count":2,"href":"https:\/\/sinprfsp.org.br\/index.php\/wp-json\/wp\/v2\/posts\/18006\/revisions"}],"predecessor-version":[{"id":18009,"href":"https:\/\/sinprfsp.org.br\/index.php\/wp-json\/wp\/v2\/posts\/18006\/revisions\/18009"}],"wp:featuredmedia":[{"embeddable":true,"href":"https:\/\/sinprfsp.org.br\/index.php\/wp-json\/wp\/v2\/media\/18007"}],"wp:attachment":[{"href":"https:\/\/sinprfsp.org.br\/index.php\/wp-json\/wp\/v2\/media?parent=18006"}],"wp:term":[{"taxonomy":"category","embeddable":true,"href":"https:\/\/sinprfsp.org.br\/index.php\/wp-json\/wp\/v2\/categories?post=18006"},{"taxonomy":"post_tag","embeddable":true,"href":"https:\/\/sinprfsp.org.br\/index.php\/wp-json\/wp\/v2\/tags?post=18006"}],"curies":[{"name":"wp","href":"https:\/\/api.w.org\/{rel}","templated":true}]}}