{"id":18188,"date":"2024-04-02T18:05:40","date_gmt":"2024-04-02T21:05:40","guid":{"rendered":"https:\/\/sinprfsp.org.br\/?p=18188"},"modified":"2024-04-03T18:57:17","modified_gmt":"2024-04-03T21:57:17","slug":"reuniao-na-delegacia-prf-de-registro-discute-demandas-e-desafios-da-categoria","status":"publish","type":"post","link":"https:\/\/sinprfsp.org.br\/index.php\/2024\/04\/02\/reuniao-na-delegacia-prf-de-registro-discute-demandas-e-desafios-da-categoria\/","title":{"rendered":"Reuni\u00e3o na Delegacia PRF de Registro discute demandas e desafios da categoria"},"content":{"rendered":"\n<p>Na \u00faltima quinta-feira (28), a sede da Delegacia PRF de Registro sediou importante reuni\u00e3o, que contou com a presen\u00e7a do efetivo da delegacia juntamente com o Superintendente da PRF em S\u00e3o Paulo, o Inspetor Almeida J\u00fanior, e o chefe da 5\u00aa DelPRF\/Registro, o Inspetor Jackson Evandro Prado Costa. O encontro contou tamb\u00e9m com a participa\u00e7\u00e3o do presidente do SINPRF-SP, Ot\u00e1vio Oliveira.<\/p>\n\n\n\n<p>O objetivo principal do encontro foi promover uma aproxima\u00e7\u00e3o entre a gest\u00e3o e os policiais da delegacia, buscando discutir diretamente as demandas de trabalho e os problemas enfrentados pela categoria. Uma das principais quest\u00f5es levantadas durante a reuni\u00e3o foi o cont\u00ednuo problema e atrasos no pagamento do Aux\u00edlio-Transporte, demanda que recebeu especial aten\u00e7\u00e3o por parte do Superintendente.<\/p>\n\n\n\n<p>Na ocasi\u00e3o, o SINPRF-SP aproveitou a oportunidade para informar aos presentes sobre o andamento do Projeto de Lei da (micro)reestrutura\u00e7\u00e3o, do projeto da Lei Org\u00e2nica, bem esclareceu sobre os desafios pol\u00edticos e judiciais em curso, especialmente no que diz respeito aos colegas mais jovens, que comp\u00f5em a maioria na Delegacia.<\/p>\n\n\n\n<p>Ap\u00f3s a reuni\u00e3o, os participantes desfrutaram de um almo\u00e7o de confraterniza\u00e7\u00e3o, que contou com a presen\u00e7a dos colegas Wilson e Ede, j\u00e1 aposentados, fortalecendo ainda mais os v\u00ednculos entre os membros da institui\u00e7\u00e3o. A reuni\u00e3o demonstrou-se como uma importante iniciativa para promover o di\u00e1logo e buscar solu\u00e7\u00f5es para os desafios enfrentados pelos PRFs em Registro.<\/p>\n","protected":false},"excerpt":{"rendered":"<p>Na \u00faltima quinta-feira (28), a sede da Delegacia PRF de Registro sediou importante reuni\u00e3o, que contou com a presen\u00e7a do efetivo da delegacia juntamente com o Superintendente da PRF em S\u00e3o Paulo, o Inspetor Almeida J\u00fanior, e o chefe da 5\u00aa DelPRF\/Registro, o Inspetor Jackson Evandro Prado Costa. O encontro contou tamb\u00e9m com a participa\u00e7\u00e3o [&hellip;]<\/p>\n","protected":false},"author":3,"featured_media":18189,"comment_status":"closed","ping_status":"closed","sticky":false,"template":"","format":"standard","meta":{"footnotes":""},"categories":[41],"tags":[],"class_list":["post-18188","post","type-post","status-publish","format-standard","has-post-thumbnail","hentry","category-noticias-em-destaque"],"_links":{"self":[{"href":"https:\/\/sinprfsp.org.br\/index.php\/wp-json\/wp\/v2\/posts\/18188","targetHints":{"allow":["GET"]}}],"collection":[{"href":"https:\/\/sinprfsp.org.br\/index.php\/wp-json\/wp\/v2\/posts"}],"about":[{"href":"https:\/\/sinprfsp.org.br\/index.php\/wp-json\/wp\/v2\/types\/post"}],"author":[{"embeddable":true,"href":"https:\/\/sinprfsp.org.br\/index.php\/wp-json\/wp\/v2\/users\/3"}],"replies":[{"embeddable":true,"href":"https:\/\/sinprfsp.org.br\/index.php\/wp-json\/wp\/v2\/comments?post=18188"}],"version-history":[{"count":2,"href":"https:\/\/sinprfsp.org.br\/index.php\/wp-json\/wp\/v2\/posts\/18188\/revisions"}],"predecessor-version":[{"id":18191,"href":"https:\/\/sinprfsp.org.br\/index.php\/wp-json\/wp\/v2\/posts\/18188\/revisions\/18191"}],"wp:featuredmedia":[{"embeddable":true,"href":"https:\/\/sinprfsp.org.br\/index.php\/wp-json\/wp\/v2\/media\/18189"}],"wp:attachment":[{"href":"https:\/\/sinprfsp.org.br\/index.php\/wp-json\/wp\/v2\/media?parent=18188"}],"wp:term":[{"taxonomy":"category","embeddable":true,"href":"https:\/\/sinprfsp.org.br\/index.php\/wp-json\/wp\/v2\/categories?post=18188"},{"taxonomy":"post_tag","embeddable":true,"href":"https:\/\/sinprfsp.org.br\/index.php\/wp-json\/wp\/v2\/tags?post=18188"}],"curies":[{"name":"wp","href":"https:\/\/api.w.org\/{rel}","templated":true}]}}