{"id":18278,"date":"2024-05-16T16:06:03","date_gmt":"2024-05-16T19:06:03","guid":{"rendered":"https:\/\/sinprfsp.org.br\/?p=18278"},"modified":"2024-05-16T16:11:08","modified_gmt":"2024-05-16T19:11:08","slug":"decisao-judicial-favorece-sinprf-sp-calculo-do-auxilio-transporte-em-regime-de-escala","status":"publish","type":"post","link":"https:\/\/sinprfsp.org.br\/index.php\/2024\/05\/16\/decisao-judicial-favorece-sinprf-sp-calculo-do-auxilio-transporte-em-regime-de-escala\/","title":{"rendered":"Decis\u00e3o judicial favorece sindicalizados     do SINPRF-SP em c\u00e1lculo do aux\u00edlio-transporte em regime de escala"},"content":{"rendered":"\n<p><\/p>\n\n\n\n<p><\/p>\n\n\n\n<p>Uma recente decis\u00e3o judicial favor\u00e1vel ao Sindicato dos Policiais Rodovi\u00e1rios Federais do Estado de S\u00e3o Paulo (SINPRF-SP) trouxe al\u00edvio aos servidores em rela\u00e7\u00e3o ao c\u00e1lculo do aux\u00edlio transporte. A senten\u00e7a, que refor\u00e7a uma liminar anterior, determina que o desconto de 6% para o aux\u00edlio transporte seja calculado apenas sobre os dias efetivos de deslocamento, e n\u00e3o sobre 22\/30 do subs\u00eddio, como vinha sendo praticado.<\/p>\n\n\n\n<p>A decis\u00e3o n\u00e3o se limita aos servidores em escala ordin\u00e1ria de 24&#215;72, estendendo-se a todos os regimes de escala. Isso significa que a interpreta\u00e7\u00e3o da Advocacia-Geral da Uni\u00e3o (AGU), que buscava restringir o c\u00e1lculo apenas a um grupo espec\u00edfico, foi afastada pela senten\u00e7a.<\/p>\n\n\n\n<p>Apesar da vit\u00f3ria parcial, j\u00e1 que exclui os servidores que n\u00e3o est\u00e3o em regime de escala, mas que tamb\u00e9m se deslocam menos vezes por m\u00eas, e os sindicalizados do SINPRF-SP que est\u00e3o lotados em outros Estados, o SINPRF-SP planeja recorrer para buscar a inclus\u00e3o desses casos.<\/p>\n\n\n\n<p>A decis\u00e3o proferida determina que o desconto de 6% no pagamento do aux\u00edlio transporte seja calculado com base nos dias efetivamente trabalhados pelos servidores em regime de escala, garantindo assim um benef\u00edcio mais justo e adequado \u00e0 realidade dos profissionais.<\/p>\n","protected":false},"excerpt":{"rendered":"<p>Uma recente decis\u00e3o judicial favor\u00e1vel ao Sindicato dos Policiais Rodovi\u00e1rios Federais do Estado de S\u00e3o Paulo (SINPRF-SP) trouxe al\u00edvio aos servidores em rela\u00e7\u00e3o ao c\u00e1lculo do aux\u00edlio transporte. A senten\u00e7a, que refor\u00e7a uma liminar anterior, determina que o desconto de 6% para o aux\u00edlio transporte seja calculado apenas sobre os dias efetivos de deslocamento, e [&hellip;]<\/p>\n","protected":false},"author":3,"featured_media":18279,"comment_status":"closed","ping_status":"closed","sticky":false,"template":"","format":"standard","meta":{"footnotes":""},"categories":[1],"tags":[],"class_list":["post-18278","post","type-post","status-publish","format-standard","has-post-thumbnail","hentry","category-noticias-gerais"],"_links":{"self":[{"href":"https:\/\/sinprfsp.org.br\/index.php\/wp-json\/wp\/v2\/posts\/18278","targetHints":{"allow":["GET"]}}],"collection":[{"href":"https:\/\/sinprfsp.org.br\/index.php\/wp-json\/wp\/v2\/posts"}],"about":[{"href":"https:\/\/sinprfsp.org.br\/index.php\/wp-json\/wp\/v2\/types\/post"}],"author":[{"embeddable":true,"href":"https:\/\/sinprfsp.org.br\/index.php\/wp-json\/wp\/v2\/users\/3"}],"replies":[{"embeddable":true,"href":"https:\/\/sinprfsp.org.br\/index.php\/wp-json\/wp\/v2\/comments?post=18278"}],"version-history":[{"count":2,"href":"https:\/\/sinprfsp.org.br\/index.php\/wp-json\/wp\/v2\/posts\/18278\/revisions"}],"predecessor-version":[{"id":18282,"href":"https:\/\/sinprfsp.org.br\/index.php\/wp-json\/wp\/v2\/posts\/18278\/revisions\/18282"}],"wp:featuredmedia":[{"embeddable":true,"href":"https:\/\/sinprfsp.org.br\/index.php\/wp-json\/wp\/v2\/media\/18279"}],"wp:attachment":[{"href":"https:\/\/sinprfsp.org.br\/index.php\/wp-json\/wp\/v2\/media?parent=18278"}],"wp:term":[{"taxonomy":"category","embeddable":true,"href":"https:\/\/sinprfsp.org.br\/index.php\/wp-json\/wp\/v2\/categories?post=18278"},{"taxonomy":"post_tag","embeddable":true,"href":"https:\/\/sinprfsp.org.br\/index.php\/wp-json\/wp\/v2\/tags?post=18278"}],"curies":[{"name":"wp","href":"https:\/\/api.w.org\/{rel}","templated":true}]}}