{"id":18429,"date":"2024-07-26T14:32:32","date_gmt":"2024-07-26T17:32:32","guid":{"rendered":"https:\/\/sinprfsp.org.br\/?p=18429"},"modified":"2024-07-26T14:32:33","modified_gmt":"2024-07-26T17:32:33","slug":"nota-assedio-no-ambito-da-prf","status":"publish","type":"post","link":"https:\/\/sinprfsp.org.br\/index.php\/2024\/07\/26\/nota-assedio-no-ambito-da-prf\/","title":{"rendered":"NOTA \u2013 Ass\u00e9dio no \u00e2mbito da PRF"},"content":{"rendered":"\n<p>A FenaPRF, cumprindo com seu papel de aten\u00e7\u00e3o e prote\u00e7\u00e3o dos Policiais Rodovi\u00e1rios Federais, mant\u00e9m um contato direto e cont\u00ednuo com as colegas v\u00edtimas de ass\u00e9dio sexual e moral, atrav\u00e9s da Diretoria de Direitos Humanos, e une suas vozes \u00e0s delas, clamando por justi\u00e7a.<\/p>\n\n\n\n<p>Refor\u00e7amos a import\u00e2ncia da cria\u00e7\u00e3o e manuten\u00e7\u00e3o de um ambiente de trabalho seguro e respeitoso. O Sistema Sindical est\u00e1 comprometido em lutar contra qualquer forma de ass\u00e9dio e em oferecer todo o suporte necess\u00e1rio \u00e0s v\u00edtimas, buscando sempre a justi\u00e7a e a integridade nas institui\u00e7\u00f5es.<\/p>\n\n\n\n<p>Aproveitamos esta oportunidade para questionar a atua\u00e7\u00e3o da corregedoria geral da PRF, que se encontra em descompasso com a vis\u00e3o humanizada da Dire\u00e7\u00e3o-Geral.<\/p>\n\n\n\n<p>Faz-se necess\u00e1ria uma corregedoria que atue com correta e calibrada dosimetria na aplica\u00e7\u00e3o de puni\u00e7\u00f5es, evitando injusti\u00e7as, distor\u00e7\u00f5es, exageros, excessos e persegui\u00e7\u00f5es pol\u00edticas. Uma corregedoria atualizada com o s\u00e9culo XXI, sintonizada com a compreens\u00e3o de que a carreira de Policial Rodovi\u00e1rio Federal \u00e9 \u00fanica e indivis\u00edvel.<\/p>\n\n\n\n<p>Em decis\u00e3o recente, o Tribunal Regional Federal reintegrou ao quadro de servidores uma das policiais que havia denunciado persegui\u00e7\u00e3o por parte da corregedoria e de superiores.<\/p>\n\n\n\n<p>O Sistema Sindical PRF estar\u00e1 vigilante quanto a qualquer atua\u00e7\u00e3o exagerada, equivocada, desproporcional ou ilegal, e n\u00e3o medir\u00e1 esfor\u00e7os para solicitar corre\u00e7\u00f5es, seja no \u00e2mbito interno ou externo de nossa institui\u00e7\u00e3o.<\/p>\n\n\n\n<p>Fonte: FenaPRF<\/p>\n","protected":false},"excerpt":{"rendered":"<p>A FenaPRF, cumprindo com seu papel de aten\u00e7\u00e3o e prote\u00e7\u00e3o dos Policiais Rodovi\u00e1rios Federais, mant\u00e9m um contato direto e cont\u00ednuo com as colegas v\u00edtimas de ass\u00e9dio sexual e moral, atrav\u00e9s da Diretoria de Direitos Humanos, e une suas vozes \u00e0s delas, clamando por justi\u00e7a. Refor\u00e7amos a import\u00e2ncia da cria\u00e7\u00e3o e manuten\u00e7\u00e3o de um ambiente de [&hellip;]<\/p>\n","protected":false},"author":3,"featured_media":18430,"comment_status":"closed","ping_status":"closed","sticky":false,"template":"","format":"standard","meta":{"footnotes":""},"categories":[41],"tags":[],"class_list":["post-18429","post","type-post","status-publish","format-standard","has-post-thumbnail","hentry","category-noticias-em-destaque"],"_links":{"self":[{"href":"https:\/\/sinprfsp.org.br\/index.php\/wp-json\/wp\/v2\/posts\/18429","targetHints":{"allow":["GET"]}}],"collection":[{"href":"https:\/\/sinprfsp.org.br\/index.php\/wp-json\/wp\/v2\/posts"}],"about":[{"href":"https:\/\/sinprfsp.org.br\/index.php\/wp-json\/wp\/v2\/types\/post"}],"author":[{"embeddable":true,"href":"https:\/\/sinprfsp.org.br\/index.php\/wp-json\/wp\/v2\/users\/3"}],"replies":[{"embeddable":true,"href":"https:\/\/sinprfsp.org.br\/index.php\/wp-json\/wp\/v2\/comments?post=18429"}],"version-history":[{"count":1,"href":"https:\/\/sinprfsp.org.br\/index.php\/wp-json\/wp\/v2\/posts\/18429\/revisions"}],"predecessor-version":[{"id":18431,"href":"https:\/\/sinprfsp.org.br\/index.php\/wp-json\/wp\/v2\/posts\/18429\/revisions\/18431"}],"wp:featuredmedia":[{"embeddable":true,"href":"https:\/\/sinprfsp.org.br\/index.php\/wp-json\/wp\/v2\/media\/18430"}],"wp:attachment":[{"href":"https:\/\/sinprfsp.org.br\/index.php\/wp-json\/wp\/v2\/media?parent=18429"}],"wp:term":[{"taxonomy":"category","embeddable":true,"href":"https:\/\/sinprfsp.org.br\/index.php\/wp-json\/wp\/v2\/categories?post=18429"},{"taxonomy":"post_tag","embeddable":true,"href":"https:\/\/sinprfsp.org.br\/index.php\/wp-json\/wp\/v2\/tags?post=18429"}],"curies":[{"name":"wp","href":"https:\/\/api.w.org\/{rel}","templated":true}]}}