{"id":18545,"date":"2024-09-17T16:33:26","date_gmt":"2024-09-17T19:33:26","guid":{"rendered":"https:\/\/sinprfsp.org.br\/?p=18545"},"modified":"2024-09-17T17:32:15","modified_gmt":"2024-09-17T20:32:15","slug":"edital-de-convocacao-eleicao-trienio-2025-2027","status":"publish","type":"post","link":"https:\/\/sinprfsp.org.br\/index.php\/2024\/09\/17\/edital-de-convocacao-eleicao-trienio-2025-2027\/","title":{"rendered":"Edital de Convoca\u00e7\u00e3o- Elei\u00e7\u00e3o Tri\u00eanio 2025-2027"},"content":{"rendered":"\n<p>O Presidente do Sindicato dos Policiais Rodovi\u00e1rios Federais no Estado de S\u00e3o Paulo \u2013 SINPRF-SP, consubstanciado nas normas Estatut\u00e1rias da Entidade e no Regulamento Eleitoral, <strong>CONVOCA <\/strong>todos os associados, quites com suas obriga\u00e7\u00f5es, para participarem da Elei\u00e7\u00e3o Sindical que eleger\u00e1 os Membros da Diretoria Executiva para o tri\u00eanio 2025\/2027, que ser\u00e1 realizada no <strong>dia 19 de novembro de 2024, das 09:00 \u00e0s 16:00 horas,<\/strong> em locais a serem definidos pela Comiss\u00e3o Eleitoral.<\/p>\n\n\n\n<p>Da Elei\u00e7\u00e3o da Diretoria Executiva.<\/p>\n\n\n\n<p><strong>1<\/strong>. O prazo para inscri\u00e7\u00f5es iniciar-se-\u00e1, <strong>\u00e0s 09:00h do dia 23 de setembro de 2024<\/strong> e encerrar-se-\u00e1, <strong>\u00e0s 16:00 horas do dia 08 de outubro de 2024<\/strong>, improrrogavelmente.<\/p>\n\n\n\n<p><strong>2.<\/strong> Para o registro das chapas concorrentes ao pleito eleitoral, dever\u00e1 ser observado integralmente, o disposto nos incisos I e II, do artigo 52 do Estatuto e disposi\u00e7\u00f5es do Regulamento Eleitoral, no que couber.<\/p>\n\n\n\n<p><strong>3.<\/strong> As chapas dever\u00e3o conter obrigatoriamente, a indica\u00e7\u00e3o dos nomes dos candidatos aos cargos eletivos, bem como seus respectivos suplentes, de acordo com o dispositivo previsto no artigo 19, \u00a71\u00ba, do Estatuto.<\/p>\n\n\n\n<p><strong>4.<\/strong> As chapas dever\u00e3o, no ato de suas inscri\u00e7\u00f5es, indicar os nomes dos escolhidos para figurarem como Delegado Representante e suplente, junto aos \u00d3rg\u00e3os Nacionais (FENAPRF ou outro que venha a substitu\u00ed-la).<\/p>\n\n\n\n<p><strong>5.<\/strong> Ap\u00f3s efetivado o regular registro das chapas, havendo a necessidade de substitui\u00e7\u00e3o de qualquer um dos inscritos na chapa observar-se-\u00e1, imprescindivelmente, o estatu\u00eddo no \u00a7 5\u00ba, do artigo 52 do Estatuto, sob pena de anula\u00e7\u00e3o da inscri\u00e7\u00e3o da chapa candidata.<\/p>\n\n\n\n<p><strong>6.<\/strong> Ficam designados, de acordo com os termos da Portaria 003\/2024, do Presidente do SINPRF\/SP, os sindicalizados: Jos\u00e9 Dirceu de Paula, Marcos de Jesus Viana, Maria Jos\u00e9 Fraz\u00e3o Castello Branco Viana, Amanda Sabadini, Paulo Rogerio Alves de Souza e Pedro Setembrino de Moraes, para compor a <strong>COMISS\u00c3O ELEITORAL DO SINPRF-SP<\/strong>, ficando o primeiro designado para exercer o cargo de Coordenador Geral, o segundo para o cargo de Coordenador e Substituto do Coordenador Geral, o terceiro para o cargo de Secret\u00e1rio e Substituto do Coordenador, bem como do Coordenador Geral na vac\u00e2ncia dos dois cargos, e os tr\u00eas subsequentes, ficando como suplentes, a Comiss\u00e3o Eleitoral designada elaborar\u00e1 as regras para realiza\u00e7\u00e3o deste pleito com observ\u00e2ncia das normas estatut\u00e1rias, no que couber e nos casos excepcionais por decis\u00e3o da maioria dos seus membros.<\/p>\n\n\n\n<p>Para registro das chapas e obten\u00e7\u00e3o de maiores informa\u00e7\u00f5es, os interessados dever\u00e3o dirigir-se \u00e0 sede do Sindicato, \u00e0 Rua Soldado Bras\u00edlio Pinto de Almeida n\u00ba 455, Parque Novo Mundo \u2013 S\u00e3o Paulo \u2013 SP.<\/p>\n\n\n\n<p class=\"has-text-align-center\">S\u00e3o Paulo, 16 de setembro de 2024.<\/p>\n\n\n\n<p class=\"has-text-align-center\"><strong>OTAVIO JOSE CARDOSO DE OLIVEIRA<\/strong><\/p>\n\n\n\n<p class=\"has-text-align-center\"><strong>Presidente SINPRF-SP<\/strong><\/p>\n","protected":false},"excerpt":{"rendered":"<p>O Presidente do Sindicato dos Policiais Rodovi\u00e1rios Federais no Estado de S\u00e3o Paulo \u2013 SINPRF-SP, consubstanciado nas normas Estatut\u00e1rias da Entidade e no Regulamento Eleitoral, CONVOCA todos os associados, quites com suas obriga\u00e7\u00f5es, para participarem da Elei\u00e7\u00e3o Sindical que eleger\u00e1 os Membros da Diretoria Executiva para o tri\u00eanio 2025\/2027, que ser\u00e1 realizada no dia 19 [&hellip;]<\/p>\n","protected":false},"author":3,"featured_media":18546,"comment_status":"closed","ping_status":"closed","sticky":false,"template":"","format":"standard","meta":{"footnotes":""},"categories":[1],"tags":[],"class_list":["post-18545","post","type-post","status-publish","format-standard","has-post-thumbnail","hentry","category-noticias-gerais"],"_links":{"self":[{"href":"https:\/\/sinprfsp.org.br\/index.php\/wp-json\/wp\/v2\/posts\/18545","targetHints":{"allow":["GET"]}}],"collection":[{"href":"https:\/\/sinprfsp.org.br\/index.php\/wp-json\/wp\/v2\/posts"}],"about":[{"href":"https:\/\/sinprfsp.org.br\/index.php\/wp-json\/wp\/v2\/types\/post"}],"author":[{"embeddable":true,"href":"https:\/\/sinprfsp.org.br\/index.php\/wp-json\/wp\/v2\/users\/3"}],"replies":[{"embeddable":true,"href":"https:\/\/sinprfsp.org.br\/index.php\/wp-json\/wp\/v2\/comments?post=18545"}],"version-history":[{"count":2,"href":"https:\/\/sinprfsp.org.br\/index.php\/wp-json\/wp\/v2\/posts\/18545\/revisions"}],"predecessor-version":[{"id":18548,"href":"https:\/\/sinprfsp.org.br\/index.php\/wp-json\/wp\/v2\/posts\/18545\/revisions\/18548"}],"wp:featuredmedia":[{"embeddable":true,"href":"https:\/\/sinprfsp.org.br\/index.php\/wp-json\/wp\/v2\/media\/18546"}],"wp:attachment":[{"href":"https:\/\/sinprfsp.org.br\/index.php\/wp-json\/wp\/v2\/media?parent=18545"}],"wp:term":[{"taxonomy":"category","embeddable":true,"href":"https:\/\/sinprfsp.org.br\/index.php\/wp-json\/wp\/v2\/categories?post=18545"},{"taxonomy":"post_tag","embeddable":true,"href":"https:\/\/sinprfsp.org.br\/index.php\/wp-json\/wp\/v2\/tags?post=18545"}],"curies":[{"name":"wp","href":"https:\/\/api.w.org\/{rel}","templated":true}]}}