{"id":19007,"date":"2024-11-19T15:09:14","date_gmt":"2024-11-19T18:09:14","guid":{"rendered":"https:\/\/sinprfsp.org.br\/?p=19007"},"modified":"2024-11-19T15:48:46","modified_gmt":"2024-11-19T18:48:46","slug":"assembleia-geral-extraordinaria-elege-nova-diretoria-do-sinprf-sp-para-o-trienio-2025-2027","status":"publish","type":"post","link":"https:\/\/sinprfsp.org.br\/index.php\/2024\/11\/19\/assembleia-geral-extraordinaria-elege-nova-diretoria-do-sinprf-sp-para-o-trienio-2025-2027\/","title":{"rendered":"Assembleia Geral Extraordin\u00e1ria elege nova diretoria do SINPRF-SP para o tri\u00eanio 2025-2027"},"content":{"rendered":"\n<p>Nesta ter\u00e7a-feira (19), o Sindicato dos Policiais Rodovi\u00e1rios Federais no Estado de S\u00e3o Paulo (SINPRF-SP) realizou uma Assembleia Geral Extraordin\u00e1ria (AGE) para aclama\u00e7\u00e3o da \u00fanica chapa inscrita para a renova\u00e7\u00e3o da diretoria executiva, em conformidade com o artigo 42, par\u00e1grafo 2\u00ba, do estatuto da entidade.<\/p>\n\n\n\n<p>Conforme divulgado previamente, apenas a chapa &#8220;Uni\u00e3o e Confian\u00e7a&#8221; foi registrada ao t\u00e9rmino do prazo de inscri\u00e7\u00f5es para as elei\u00e7\u00f5es referentes ao tri\u00eanio 2025-2027. Com a aus\u00eancia de concorr\u00eancia, a escolha ocorreu por aclama\u00e7\u00e3o.<\/p>\n\n\n\n<p>A condu\u00e7\u00e3o da assembleia ficou a cargo dos membros da Comiss\u00e3o Eleitoral, Jos\u00e9 Dirceu de Paula e Maria Jos\u00e9 Fraz\u00e3o Castello Branco, al\u00e9m do presidente do Conselho Fiscal, Marcos de Jesus Viana.<\/p>\n\n\n\n<p>Para o presidente reeleito do SINPRF-SP, Ot\u00e1vio Jos\u00e9 Cardoso de Oliveira, a AGE marcou o encerramento de um ciclo e o in\u00edcio de uma nova etapa. \u201cO sindicalismo em S\u00e3o Paulo tem sido realizado de forma agregadora. N\u00e3o tivemos grandes rupturas, o que contribuiu para a profissionaliza\u00e7\u00e3o de nossa gest\u00e3o sindical. Isso fica evidente com a participa\u00e7\u00e3o de colegas de gest\u00f5es anteriores na nova diretoria\u201d, destacou.<\/p>\n\n\n\n<p><strong>Balan\u00e7o da gest\u00e3o 2022-2024<\/strong><\/p>\n\n\n\n<p>Ot\u00e1vio Oliveira relembrou os desafios enfrentados no \u00faltimo tri\u00eanio, iniciado em 2022 durante uma intensa campanha salarial pela reestrutura\u00e7\u00e3o da carreira. \u201cNegociamos enquanto foi poss\u00edvel, mas tamb\u00e9m soubemos aumentar a press\u00e3o nos momentos necess\u00e1rios. Foi um per\u00edodo de grandes aprendizados\u201d, afirmou.<\/p>\n\n\n\n<p>Ele destacou ainda a estrat\u00e9gia adotada no final de 2022, quando a diretoria apresentou demandas da categoria aos candidatos \u00e0 presid\u00eancia da Rep\u00fablica. Essa abordagem resultou na abertura de negocia\u00e7\u00f5es com o governo rec\u00e9m-eleito j\u00e1 em 2023, e no acordo para reajustes salariais escalonados at\u00e9 2026. \u201cN\u00e3o foi o ideal, mas conseguimos um resultado satisfat\u00f3rio diante do cen\u00e1rio pol\u00edtico e econ\u00f4mico nacional\u201d, avaliou.<\/p>\n\n\n\n<p><strong>Novas diretrizes para 2025-2027<\/strong><\/p>\n\n\n\n<p>A nova composi\u00e7\u00e3o da diretoria traz inova\u00e7\u00f5es, como a cria\u00e7\u00e3o da Secretaria da Mulher PRF e da Secretaria de Ensino e Cultura, ampliando a representa\u00e7\u00e3o e o atendimento \u00e0s demandas da categoria. \u201cNovos integrantes trazem novas perspectivas e \u00e1reas de atua\u00e7\u00e3o\u201d, ressaltou Ot\u00e1vio.<\/p>\n\n\n\n<p>Entre os desafios do pr\u00f3ximo tri\u00eanio est\u00e3o a Proposta de Emenda \u00e0 Constitui\u00e7\u00e3o (PEC) da Seguran\u00e7a P\u00fablica e a Lei Org\u00e2nica da PRF. Segundo o presidente reeleito, a PEC pode fortalecer a busca pela reestrutura\u00e7\u00e3o da carreira, enquanto a Lei Org\u00e2nica, constru\u00edda com ampla participa\u00e7\u00e3o da categoria, representa um marco para os PRFs.<\/p>\n\n\n\n<p><strong>Aprova\u00e7\u00e3o un\u00e2nime<\/strong><\/p>\n\n\n\n<p>Durante a AGE, Marcos de Jesus Viana, destacou o car\u00e1ter democr\u00e1tico da assembleia: \u201cEsta assembleia \u00e9 um mecanismo democr\u00e1tico para que todos ratifiquem e referendem a chapa \u00fanica desta elei\u00e7\u00e3o\u201d, explicou.<\/p>\n\n\n\n<p>Colocada em vota\u00e7\u00e3o, a elei\u00e7\u00e3o por aclama\u00e7\u00e3o da chapa \u201cUni\u00e3o e Confian\u00e7a\u201d foi aprovada por unanimidade pelos presentes.<\/p>\n\n\n\n<p><strong>Composi\u00e7\u00e3o da nova diretoria<\/strong><\/p>\n\n\n\n<p>A diretoria eleita para o tri\u00eanio 2025-2027 conta com os seguintes membros:<\/p>\n\n\n\n<p><strong>Presid\u00eancia:<\/strong>&nbsp;Ot\u00e1vio Jos\u00e9 Cardoso de Oliveira (Sede)<\/p>\n\n\n\n<p><strong>Vice-Presid\u00eancia:<\/strong>&nbsp;Den\u00edlson Moura da Silva (Guarulhos)<\/p>\n\n\n\n<p><strong>Secretaria da Mulher PRF:<\/strong>&nbsp;Elisete Cardoso Santos (Sede) \/ Fernanda Souza Carlos (Sede)<\/p>\n\n\n\n<p><strong>Secretaria de Rela\u00e7\u00f5es do Trabalho:<\/strong>&nbsp;Lu\u00eds Fernando Ten\u00f3rio do Amaral (Mar\u00edlia) \/ V\u00e2nia Savay (Ubatuba)<\/p>\n\n\n\n<p><strong>Secretaria de Ensino e Cultura:<\/strong>&nbsp;Jos\u00e9 Luiz Atan\u00e1zio Filho (S\u00e3o Jos\u00e9 dos Campos)<\/p>\n\n\n\n<p><strong>Diretoria de Administra\u00e7\u00e3o:<\/strong>&nbsp;Andr\u00e9 Lu\u00eds de Almeida Bruni (Sede) \/ Valdomiro Rapini (Aposentado)<\/p>\n\n\n\n<p><strong>Diretoria Financeira:<\/strong>&nbsp;Carlos Alberto Amorim (Aposentado) \/ Ricardo Luiz da Silva Gomes (Aposentado)<\/p>\n\n\n\n<p><strong>Diretoria Jur\u00eddica:<\/strong>&nbsp;S\u00e9rgio Manuel de Castro (Sede) \/ Jos\u00e9 Benedito Rodrigues (Aposentado)<\/p>\n\n\n\n<p><strong>Diretoria Social:<\/strong>&nbsp;Mauro Celso de Oliveira Abdalla (Guarulhos) \/ Benedito Raul Bento (Aposentado)<\/p>\n\n\n\n<p><strong>Diretoria Parlamentar:<\/strong>&nbsp;Kleber Gomes de Fran\u00e7a (Sede) \/ Paulo Rog\u00e9rio Martins Cunha (Itapecerica da Serra)<\/p>\n\n\n\n<p><strong>Diretoria de Patrim\u00f4nio:<\/strong>&nbsp;Paulo Henrique Demarchi (Sede) \/ Wagner Dem\u00e9trio da Silva (Sede)<\/p>\n\n\n\n<p><strong>Diretoria de Eventos:<\/strong>&nbsp;Francisco Alencar de Souza (Aposentado) \/ Rony Donizeti Tavares Huguenin (Sede)<\/p>\n\n\n\n<p><strong>Diretoria de Assist\u00eancia aos Aposentados e Pensionistas:<\/strong>&nbsp;Emilio Carlos Beraldo Lescura (Aposentado) \/ Geraldo Tobias Pereira Filho (Aposentado)<\/p>\n\n\n\n<p><strong>Secretaria de Pensionistas:<\/strong>&nbsp;Marcia Muradi (Pensionista)<\/p>\n\n\n\n<p><strong>Diretoria de Comunica\u00e7\u00e3o Social:<\/strong>&nbsp;Andr\u00e9 Lucio de Castro (Mar\u00edlia) \/ Andr\u00e9 Luiz do Prado (Aposentado)<\/p>\n\n\n\n<p><strong>Delegado Representante S\u00e3o Jos\u00e9 dos Campos:<\/strong>&nbsp;Cleverson Luiz Calzado Gomes (S\u00e3o Jos\u00e9 dos Campos)<\/p>\n\n\n\n<p><strong>Delegado Representante Registro:<\/strong>&nbsp;Daniel Belarmino da Silva (Registro)<\/p>\n\n\n\n<p><strong>Delegado Representante S\u00e3o Jos\u00e9 do Rio Preto:<\/strong>&nbsp;Oziel Oliveira da Silva (S\u00e3o Jos\u00e9 do Rio Preto)<\/p>\n\n\n\n<p><strong>Delegado Representante Titular FenaPRF: Fabio Lu\u00eds de Almeida (Sede)<\/strong><\/p>\n\n\n\n<p><strong>Delegado Representante Titular FenaPRF Suplente: Paulo S\u00e9rgio Dias Poli (Mar\u00edlia)<\/strong><\/p>\n\n\n\n<p>Com a aclama\u00e7\u00e3o, a chapa inicia o planejamento das a\u00e7\u00f5es para os pr\u00f3ximos tr\u00eas anos, fortalecendo a representatividade e a luta pelos direitos da categoria.<\/p>\n\n\n\n<figure class=\"wp-block-gallery columns-2 is-cropped wp-block-gallery-1 is-layout-flex wp-block-gallery-is-layout-flex\"><ul class=\"blocks-gallery-grid\"><li class=\"blocks-gallery-item\"><figure><img fetchpriority=\"high\" decoding=\"async\" width=\"1024\" height=\"610\" src=\"https:\/\/sinprfsp.org.br\/wp-content\/uploads\/2024\/11\/AGE-de-Aclamacao-Nova-Diretoria_08_ok-2-1024x610.jpg\" alt=\"\" data-id=\"19016\" data-link=\"https:\/\/sinprfsp.org.br\/index.php\/2024\/11\/19\/assembleia-geral-extraordinaria-elege-nova-diretoria-do-sinprf-sp-para-o-trienio-2025-2027\/age-de-aclamacao-nova-diretoria_08_ok-2\/\" class=\"wp-image-19016\" srcset=\"https:\/\/sinprfsp.org.br\/wp-content\/uploads\/2024\/11\/AGE-de-Aclamacao-Nova-Diretoria_08_ok-2-1024x610.jpg 1024w, https:\/\/sinprfsp.org.br\/wp-content\/uploads\/2024\/11\/AGE-de-Aclamacao-Nova-Diretoria_08_ok-2-768x458.jpg 768w, https:\/\/sinprfsp.org.br\/wp-content\/uploads\/2024\/11\/AGE-de-Aclamacao-Nova-Diretoria_08_ok-2.jpg 1893w\" sizes=\"(max-width: 1024px) 100vw, 1024px\" \/><\/figure><\/li><li class=\"blocks-gallery-item\"><figure><img decoding=\"async\" width=\"1024\" height=\"600\" src=\"https:\/\/sinprfsp.org.br\/wp-content\/uploads\/2024\/11\/AGE-de-Aclamacao-Nova-Diretoria_13_ok-2-1024x600.jpg\" alt=\"\" data-id=\"19017\" data-link=\"https:\/\/sinprfsp.org.br\/index.php\/2024\/11\/19\/assembleia-geral-extraordinaria-elege-nova-diretoria-do-sinprf-sp-para-o-trienio-2025-2027\/age-de-aclamacao-nova-diretoria_13_ok-2\/\" class=\"wp-image-19017\" srcset=\"https:\/\/sinprfsp.org.br\/wp-content\/uploads\/2024\/11\/AGE-de-Aclamacao-Nova-Diretoria_13_ok-2-1024x600.jpg 1024w, https:\/\/sinprfsp.org.br\/wp-content\/uploads\/2024\/11\/AGE-de-Aclamacao-Nova-Diretoria_13_ok-2-768x450.jpg 768w\" sizes=\"(max-width: 1024px) 100vw, 1024px\" \/><\/figure><\/li><\/ul><\/figure>\n\n\n\n<figure class=\"wp-block-image size-large is-style-default\"><img decoding=\"async\" width=\"1024\" height=\"795\" src=\"https:\/\/sinprfsp.org.br\/wp-content\/uploads\/2024\/11\/AGE-de-Aclamacao-Nova-Diretoria_14_ok-2-1024x795.jpg\" alt=\"\" class=\"wp-image-19019\" srcset=\"https:\/\/sinprfsp.org.br\/wp-content\/uploads\/2024\/11\/AGE-de-Aclamacao-Nova-Diretoria_14_ok-2-1024x795.jpg 1024w, https:\/\/sinprfsp.org.br\/wp-content\/uploads\/2024\/11\/AGE-de-Aclamacao-Nova-Diretoria_14_ok-2-768x596.jpg 768w, https:\/\/sinprfsp.org.br\/wp-content\/uploads\/2024\/11\/AGE-de-Aclamacao-Nova-Diretoria_14_ok-2.jpg 1200w\" sizes=\"(max-width: 1024px) 100vw, 1024px\" \/><\/figure>\n","protected":false},"excerpt":{"rendered":"<p>Nesta ter\u00e7a-feira (19), o Sindicato dos Policiais Rodovi\u00e1rios Federais no Estado de S\u00e3o Paulo (SINPRF-SP) realizou uma Assembleia Geral Extraordin\u00e1ria (AGE) para aclama\u00e7\u00e3o da \u00fanica chapa inscrita para a renova\u00e7\u00e3o da diretoria executiva, em conformidade com o artigo 42, par\u00e1grafo 2\u00ba, do estatuto da entidade. Conforme divulgado previamente, apenas a chapa &#8220;Uni\u00e3o e Confian\u00e7a&#8221; foi [&hellip;]<\/p>\n","protected":false},"author":3,"featured_media":19010,"comment_status":"closed","ping_status":"closed","sticky":false,"template":"","format":"standard","meta":{"footnotes":""},"categories":[41],"tags":[],"class_list":["post-19007","post","type-post","status-publish","format-standard","has-post-thumbnail","hentry","category-noticias-em-destaque"],"_links":{"self":[{"href":"https:\/\/sinprfsp.org.br\/index.php\/wp-json\/wp\/v2\/posts\/19007","targetHints":{"allow":["GET"]}}],"collection":[{"href":"https:\/\/sinprfsp.org.br\/index.php\/wp-json\/wp\/v2\/posts"}],"about":[{"href":"https:\/\/sinprfsp.org.br\/index.php\/wp-json\/wp\/v2\/types\/post"}],"author":[{"embeddable":true,"href":"https:\/\/sinprfsp.org.br\/index.php\/wp-json\/wp\/v2\/users\/3"}],"replies":[{"embeddable":true,"href":"https:\/\/sinprfsp.org.br\/index.php\/wp-json\/wp\/v2\/comments?post=19007"}],"version-history":[{"count":2,"href":"https:\/\/sinprfsp.org.br\/index.php\/wp-json\/wp\/v2\/posts\/19007\/revisions"}],"predecessor-version":[{"id":19020,"href":"https:\/\/sinprfsp.org.br\/index.php\/wp-json\/wp\/v2\/posts\/19007\/revisions\/19020"}],"wp:featuredmedia":[{"embeddable":true,"href":"https:\/\/sinprfsp.org.br\/index.php\/wp-json\/wp\/v2\/media\/19010"}],"wp:attachment":[{"href":"https:\/\/sinprfsp.org.br\/index.php\/wp-json\/wp\/v2\/media?parent=19007"}],"wp:term":[{"taxonomy":"category","embeddable":true,"href":"https:\/\/sinprfsp.org.br\/index.php\/wp-json\/wp\/v2\/categories?post=19007"},{"taxonomy":"post_tag","embeddable":true,"href":"https:\/\/sinprfsp.org.br\/index.php\/wp-json\/wp\/v2\/tags?post=19007"}],"curies":[{"name":"wp","href":"https:\/\/api.w.org\/{rel}","templated":true}]}}