{"id":19021,"date":"2024-11-22T19:18:06","date_gmt":"2024-11-22T22:18:06","guid":{"rendered":"https:\/\/sinprfsp.org.br\/?p=19021"},"modified":"2024-11-22T19:18:08","modified_gmt":"2024-11-22T22:18:08","slug":"prfs-promovem-evento-policiais-contra-o-cancer-infantil-em-sao-jose-do-rio-preto","status":"publish","type":"post","link":"https:\/\/sinprfsp.org.br\/index.php\/2024\/11\/22\/prfs-promovem-evento-policiais-contra-o-cancer-infantil-em-sao-jose-do-rio-preto\/","title":{"rendered":"PRFs promovem evento \u201cPoliciais contra o C\u00e2ncer Infantil\u201d em S\u00e3o Jos\u00e9 do Rio Preto"},"content":{"rendered":"\n<p>Nesta quinta-feira (21), a 9\u00aa Delegacia da Pol\u00edcia Rodovi\u00e1ria Federal de S\u00e3o Jos\u00e9 do Rio Preto promoveu uma a\u00e7\u00e3o especial no Hospital da Crian\u00e7a e Maternidade da cidade. O evento, intitulado <strong>\u201cPoliciais contra o C\u00e2ncer Infantil\u201d<\/strong>, teve como objetivo levar alegria \u00e0s crian\u00e7as em tratamento oncol\u00f3gico.<\/p>\n\n\n\n<p>A programa\u00e7\u00e3o incluiu uma exposi\u00e7\u00e3o de viaturas e motocicletas da PRF, que as crian\u00e7as puderam explorar de perto. Al\u00e9m disso, os pequenos participaram de atividades especiais e desfrutaram de lanches preparados com carinho.<\/p>\n\n\n\n<p>O SINPRF-SP tamb\u00e9m participou da a\u00e7\u00e3o, contribuindo com a doa\u00e7\u00e3o de 100 bandanas personalizadas. Os acess\u00f3rios foram especialmente pensados para as crian\u00e7as que enfrentam a perda de cabelo devido aos tratamentos de quimioterapia.<\/p>\n\n\n\n<p>O evento refor\u00e7a o compromisso dos Policiais Rodovi\u00e1rios Federais com a\u00e7\u00f5es sociais e o bem-estar das comunidades onde atuam. Iniciativas como essa demonstram que, al\u00e9m de garantir a seguran\u00e7a nas rodovias, os PRFs se dedicam a cuidar da sociedade de maneira humana e emp\u00e1tica.<\/p>\n\n\n\n<figure class=\"wp-block-gallery columns-3 is-cropped wp-block-gallery-1 is-layout-flex wp-block-gallery-is-layout-flex\"><ul class=\"blocks-gallery-grid\"><li class=\"blocks-gallery-item\"><figure><img fetchpriority=\"high\" decoding=\"async\" width=\"576\" height=\"1024\" src=\"https:\/\/sinprfsp.org.br\/wp-content\/uploads\/2024\/11\/Policias-Contra-o-Cancer-Infantil-Sao-Jose-do-Rio-Preto_03-576x1024.jpeg\" alt=\"\" data-id=\"19022\" data-full-url=\"https:\/\/sinprfsp.org.br\/wp-content\/uploads\/2024\/11\/Policias-Contra-o-Cancer-Infantil-Sao-Jose-do-Rio-Preto_03.jpeg\" data-link=\"https:\/\/sinprfsp.org.br\/?attachment_id=19022\" class=\"wp-image-19022\" srcset=\"https:\/\/sinprfsp.org.br\/wp-content\/uploads\/2024\/11\/Policias-Contra-o-Cancer-Infantil-Sao-Jose-do-Rio-Preto_03-576x1024.jpeg 576w, https:\/\/sinprfsp.org.br\/wp-content\/uploads\/2024\/11\/Policias-Contra-o-Cancer-Infantil-Sao-Jose-do-Rio-Preto_03-768x1365.jpeg 768w, https:\/\/sinprfsp.org.br\/wp-content\/uploads\/2024\/11\/Policias-Contra-o-Cancer-Infantil-Sao-Jose-do-Rio-Preto_03.jpeg 900w\" sizes=\"(max-width: 576px) 100vw, 576px\" \/><\/figure><\/li><li class=\"blocks-gallery-item\"><figure><img decoding=\"async\" width=\"576\" height=\"1024\" src=\"https:\/\/sinprfsp.org.br\/wp-content\/uploads\/2024\/11\/Policias-Contra-o-Cancer-Infantil-Sao-Jose-do-Rio-Preto_06-576x1024.jpeg\" alt=\"\" data-id=\"19024\" data-full-url=\"https:\/\/sinprfsp.org.br\/wp-content\/uploads\/2024\/11\/Policias-Contra-o-Cancer-Infantil-Sao-Jose-do-Rio-Preto_06.jpeg\" data-link=\"https:\/\/sinprfsp.org.br\/?attachment_id=19024\" class=\"wp-image-19024\" srcset=\"https:\/\/sinprfsp.org.br\/wp-content\/uploads\/2024\/11\/Policias-Contra-o-Cancer-Infantil-Sao-Jose-do-Rio-Preto_06-576x1024.jpeg 576w, https:\/\/sinprfsp.org.br\/wp-content\/uploads\/2024\/11\/Policias-Contra-o-Cancer-Infantil-Sao-Jose-do-Rio-Preto_06-768x1365.jpeg 768w, https:\/\/sinprfsp.org.br\/wp-content\/uploads\/2024\/11\/Policias-Contra-o-Cancer-Infantil-Sao-Jose-do-Rio-Preto_06.jpeg 900w\" sizes=\"(max-width: 576px) 100vw, 576px\" \/><\/figure><\/li><li class=\"blocks-gallery-item\"><figure><img decoding=\"async\" width=\"576\" height=\"1024\" src=\"https:\/\/sinprfsp.org.br\/wp-content\/uploads\/2024\/11\/Policias-Contra-o-Cancer-Infantil-Sao-Jose-do-Rio-Preto_07-576x1024.jpeg\" alt=\"\" data-id=\"19025\" data-full-url=\"https:\/\/sinprfsp.org.br\/wp-content\/uploads\/2024\/11\/Policias-Contra-o-Cancer-Infantil-Sao-Jose-do-Rio-Preto_07.jpeg\" data-link=\"https:\/\/sinprfsp.org.br\/?attachment_id=19025\" class=\"wp-image-19025\" srcset=\"https:\/\/sinprfsp.org.br\/wp-content\/uploads\/2024\/11\/Policias-Contra-o-Cancer-Infantil-Sao-Jose-do-Rio-Preto_07-576x1024.jpeg 576w, https:\/\/sinprfsp.org.br\/wp-content\/uploads\/2024\/11\/Policias-Contra-o-Cancer-Infantil-Sao-Jose-do-Rio-Preto_07-768x1365.jpeg 768w, https:\/\/sinprfsp.org.br\/wp-content\/uploads\/2024\/11\/Policias-Contra-o-Cancer-Infantil-Sao-Jose-do-Rio-Preto_07.jpeg 900w\" sizes=\"(max-width: 576px) 100vw, 576px\" \/><\/figure><\/li><\/ul><\/figure>\n","protected":false},"excerpt":{"rendered":"<p>Nesta quinta-feira (21), a 9\u00aa Delegacia da Pol\u00edcia Rodovi\u00e1ria Federal de S\u00e3o Jos\u00e9 do Rio Preto promoveu uma a\u00e7\u00e3o especial no Hospital da Crian\u00e7a e Maternidade da cidade. O evento, intitulado \u201cPoliciais contra o C\u00e2ncer Infantil\u201d, teve como objetivo levar alegria \u00e0s crian\u00e7as em tratamento oncol\u00f3gico. A programa\u00e7\u00e3o incluiu uma exposi\u00e7\u00e3o de viaturas e motocicletas [&hellip;]<\/p>\n","protected":false},"author":3,"featured_media":19026,"comment_status":"closed","ping_status":"closed","sticky":false,"template":"","format":"standard","meta":{"footnotes":""},"categories":[41],"tags":[],"class_list":["post-19021","post","type-post","status-publish","format-standard","has-post-thumbnail","hentry","category-noticias-em-destaque"],"_links":{"self":[{"href":"https:\/\/sinprfsp.org.br\/index.php\/wp-json\/wp\/v2\/posts\/19021","targetHints":{"allow":["GET"]}}],"collection":[{"href":"https:\/\/sinprfsp.org.br\/index.php\/wp-json\/wp\/v2\/posts"}],"about":[{"href":"https:\/\/sinprfsp.org.br\/index.php\/wp-json\/wp\/v2\/types\/post"}],"author":[{"embeddable":true,"href":"https:\/\/sinprfsp.org.br\/index.php\/wp-json\/wp\/v2\/users\/3"}],"replies":[{"embeddable":true,"href":"https:\/\/sinprfsp.org.br\/index.php\/wp-json\/wp\/v2\/comments?post=19021"}],"version-history":[{"count":1,"href":"https:\/\/sinprfsp.org.br\/index.php\/wp-json\/wp\/v2\/posts\/19021\/revisions"}],"predecessor-version":[{"id":19027,"href":"https:\/\/sinprfsp.org.br\/index.php\/wp-json\/wp\/v2\/posts\/19021\/revisions\/19027"}],"wp:featuredmedia":[{"embeddable":true,"href":"https:\/\/sinprfsp.org.br\/index.php\/wp-json\/wp\/v2\/media\/19026"}],"wp:attachment":[{"href":"https:\/\/sinprfsp.org.br\/index.php\/wp-json\/wp\/v2\/media?parent=19021"}],"wp:term":[{"taxonomy":"category","embeddable":true,"href":"https:\/\/sinprfsp.org.br\/index.php\/wp-json\/wp\/v2\/categories?post=19021"},{"taxonomy":"post_tag","embeddable":true,"href":"https:\/\/sinprfsp.org.br\/index.php\/wp-json\/wp\/v2\/tags?post=19021"}],"curies":[{"name":"wp","href":"https:\/\/api.w.org\/{rel}","templated":true}]}}