{"id":19063,"date":"2024-12-05T09:37:38","date_gmt":"2024-12-05T12:37:38","guid":{"rendered":"https:\/\/sinprfsp.org.br\/?p=19063"},"modified":"2024-12-06T09:38:00","modified_gmt":"2024-12-06T12:38:00","slug":"fenaprf-solicita-explicacoes-a-dgp-prf-sobre-demandas-de-servidores-policiais","status":"publish","type":"post","link":"https:\/\/sinprfsp.org.br\/index.php\/2024\/12\/05\/fenaprf-solicita-explicacoes-a-dgp-prf-sobre-demandas-de-servidores-policiais\/","title":{"rendered":"FenaPRF solicita explica\u00e7\u00f5es \u00e0 DGP\/PRF sobre demandas de Servidores Policiais"},"content":{"rendered":"\n<p>A FenaPRF esteve reunida com a Diretora de Gest\u00e3o de Pessoas da PRF, Andressa Cabral, na \u00faltima ter\u00e7a-feira (03), para discutir diversos pontos que j\u00e1 haviam sido formalmente comunicados pela entidade sindical \u00e0 DGP\/PRF, solicitando esclarecimentos sobre as pautas.<\/p>\n\n\n\n<p>Os temas descritos no of\u00edcio s\u00e3o principalmente sobre o cancelamento das f\u00e9rias de servidores por conta da realiza\u00e7\u00e3o do G20; os sucessivos entendimentos desfavor\u00e1veis a PRFs em solicita\u00e7\u00f5es de licen\u00e7a capacita\u00e7\u00e3o; proibi\u00e7\u00e3o e dificulta\u00e7\u00e3o da libera\u00e7\u00e3o do teletrabalho e, tamb\u00e9m, a quest\u00e3o da aposentadoria das mulheres policiais.<\/p>\n\n\n\n<p>Tamb\u00e9m foi destacado a press\u00e3o para a realiza\u00e7\u00e3o do TAF at\u00e9 uma data limite e a implementa\u00e7\u00e3o das c\u00e2meras corporais sem que haja recursos espec\u00edficos destinados para tal e nem o investimento em quest\u00f5es b\u00e1sicas da PRF como troca de coletes bal\u00edsticos e reformas b\u00e1sicas de UOPs que est\u00e3o totalmente degradadas.<\/p>\n\n\n\n<p>O Diretor Jur\u00eddico da FenaPRF, Sidnei Nunes foi quem esteve presente na reuni\u00e3o e falou sobre a reuni\u00e3o. \u201cConversamos com a DGP sobre os assuntos do of\u00edcio enviado em outubro ao departamento e falamos tamb\u00e9m sobre a quest\u00e3o do Funpresp e a import\u00e2ncia do fim da necessidade dos PRFs comprovarem a ida ao local de trabalho com meios pr\u00f3prios para o recebimento do aux\u00edlio transporte.<\/p>\n\n\n\n<p>Foi acordado com a diretora Andressa que ela participar\u00e1 da pr\u00f3xima AGE do sistema sindical, em dezembro, para explicar ao conselho de representantes todos os pontos descritos.<\/p>\n\n\n\n<p>Fonte: FenaPRF<\/p>\n","protected":false},"excerpt":{"rendered":"<p>A FenaPRF esteve reunida com a Diretora de Gest\u00e3o de Pessoas da PRF, Andressa Cabral, na \u00faltima ter\u00e7a-feira (03), para discutir diversos pontos que j\u00e1 haviam sido formalmente comunicados pela entidade sindical \u00e0 DGP\/PRF, solicitando esclarecimentos sobre as pautas. Os temas descritos no of\u00edcio s\u00e3o principalmente sobre o cancelamento das f\u00e9rias de servidores por conta [&hellip;]<\/p>\n","protected":false},"author":3,"featured_media":19064,"comment_status":"closed","ping_status":"closed","sticky":false,"template":"","format":"standard","meta":{"footnotes":""},"categories":[41],"tags":[],"class_list":["post-19063","post","type-post","status-publish","format-standard","has-post-thumbnail","hentry","category-noticias-em-destaque"],"_links":{"self":[{"href":"https:\/\/sinprfsp.org.br\/index.php\/wp-json\/wp\/v2\/posts\/19063","targetHints":{"allow":["GET"]}}],"collection":[{"href":"https:\/\/sinprfsp.org.br\/index.php\/wp-json\/wp\/v2\/posts"}],"about":[{"href":"https:\/\/sinprfsp.org.br\/index.php\/wp-json\/wp\/v2\/types\/post"}],"author":[{"embeddable":true,"href":"https:\/\/sinprfsp.org.br\/index.php\/wp-json\/wp\/v2\/users\/3"}],"replies":[{"embeddable":true,"href":"https:\/\/sinprfsp.org.br\/index.php\/wp-json\/wp\/v2\/comments?post=19063"}],"version-history":[{"count":1,"href":"https:\/\/sinprfsp.org.br\/index.php\/wp-json\/wp\/v2\/posts\/19063\/revisions"}],"predecessor-version":[{"id":19065,"href":"https:\/\/sinprfsp.org.br\/index.php\/wp-json\/wp\/v2\/posts\/19063\/revisions\/19065"}],"wp:featuredmedia":[{"embeddable":true,"href":"https:\/\/sinprfsp.org.br\/index.php\/wp-json\/wp\/v2\/media\/19064"}],"wp:attachment":[{"href":"https:\/\/sinprfsp.org.br\/index.php\/wp-json\/wp\/v2\/media?parent=19063"}],"wp:term":[{"taxonomy":"category","embeddable":true,"href":"https:\/\/sinprfsp.org.br\/index.php\/wp-json\/wp\/v2\/categories?post=19063"},{"taxonomy":"post_tag","embeddable":true,"href":"https:\/\/sinprfsp.org.br\/index.php\/wp-json\/wp\/v2\/tags?post=19063"}],"curies":[{"name":"wp","href":"https:\/\/api.w.org\/{rel}","templated":true}]}}