{"id":19106,"date":"2024-12-20T14:18:07","date_gmt":"2024-12-20T17:18:07","guid":{"rendered":"https:\/\/sinprfsp.org.br\/?p=19106"},"modified":"2024-12-23T14:18:44","modified_gmt":"2024-12-23T17:18:44","slug":"assembleia-geral-da-fenaprf-conta-com-a-participacao-do-advogado-dr-roger-meregalli","status":"publish","type":"post","link":"https:\/\/sinprfsp.org.br\/index.php\/2024\/12\/20\/assembleia-geral-da-fenaprf-conta-com-a-participacao-do-advogado-dr-roger-meregalli\/","title":{"rendered":"Assembleia Geral da FenaPRF conta com a participa\u00e7\u00e3o do advogado Dr. Roger Meregalli"},"content":{"rendered":"\n<p>Nesta quinta-feira (19), a Assembleia Geral da FenaPRF contou com a presen\u00e7a do advogado Dr. Roger Meregalli, que abordou o andamento dos processos judiciais ligados \u00e0 categoria. O SINPRF-SP foi representado pelo presidente Ot\u00e1vio Oliveira e pelo delegado representante F\u00e1bio Lu\u00eds de Almeida.<\/p>\n\n\n\n<p>Durante o encontro, Dr. Roger Meregalli apresentou uma atualiza\u00e7\u00e3o detalhada sobre a situa\u00e7\u00e3o dos processos judiciais em curso. Ele destacou o empenho de sua equipe na busca pelo pagamento das a\u00e7\u00f5es e arriscou uma estimativa de 3 a 5 anos para o pagamento da grande maioria das a\u00e7\u00f5es.<\/p>\n\n\n\n<p>Outro ponto que deve ser destacado \u00e9 o trabalho desenvolvido pelo departamento jur\u00eddico do SINPRF-SP em 2024, que ingressou com cerca de 200 novos processos de execu\u00e7\u00e3o. Essas a\u00e7\u00f5es atendem sindicalizados que ainda n\u00e3o possu\u00edam nenhuma demanda judicial em seus nomes, tendo como base a A\u00e7\u00e3o Civil P\u00fablica n\u00ba 0005019-15.1997.4.03.6000, interposta pelo Minist\u00e9rio P\u00fablico Federal do Estado do Mato Grosso do Sul.<\/p>\n\n\n\n<p>\u201cSeguimos acompanhando de perto o desdobramento dessas a\u00e7\u00f5es e refor\u00e7amos nosso compromisso com os interesses de nossos sindicalizados\u201d, declarou o presidente Ot\u00e1vio Oliveira.<\/p>\n","protected":false},"excerpt":{"rendered":"<p>Nesta quinta-feira (19), a Assembleia Geral da FenaPRF contou com a presen\u00e7a do advogado Dr. Roger Meregalli, que abordou o andamento dos processos judiciais ligados \u00e0 categoria. O SINPRF-SP foi representado pelo presidente Ot\u00e1vio Oliveira e pelo delegado representante F\u00e1bio Lu\u00eds de Almeida. Durante o encontro, Dr. Roger Meregalli apresentou uma atualiza\u00e7\u00e3o detalhada sobre a [&hellip;]<\/p>\n","protected":false},"author":3,"featured_media":19107,"comment_status":"closed","ping_status":"closed","sticky":false,"template":"","format":"standard","meta":{"footnotes":""},"categories":[41],"tags":[],"class_list":["post-19106","post","type-post","status-publish","format-standard","has-post-thumbnail","hentry","category-noticias-em-destaque"],"_links":{"self":[{"href":"https:\/\/sinprfsp.org.br\/index.php\/wp-json\/wp\/v2\/posts\/19106","targetHints":{"allow":["GET"]}}],"collection":[{"href":"https:\/\/sinprfsp.org.br\/index.php\/wp-json\/wp\/v2\/posts"}],"about":[{"href":"https:\/\/sinprfsp.org.br\/index.php\/wp-json\/wp\/v2\/types\/post"}],"author":[{"embeddable":true,"href":"https:\/\/sinprfsp.org.br\/index.php\/wp-json\/wp\/v2\/users\/3"}],"replies":[{"embeddable":true,"href":"https:\/\/sinprfsp.org.br\/index.php\/wp-json\/wp\/v2\/comments?post=19106"}],"version-history":[{"count":1,"href":"https:\/\/sinprfsp.org.br\/index.php\/wp-json\/wp\/v2\/posts\/19106\/revisions"}],"predecessor-version":[{"id":19108,"href":"https:\/\/sinprfsp.org.br\/index.php\/wp-json\/wp\/v2\/posts\/19106\/revisions\/19108"}],"wp:featuredmedia":[{"embeddable":true,"href":"https:\/\/sinprfsp.org.br\/index.php\/wp-json\/wp\/v2\/media\/19107"}],"wp:attachment":[{"href":"https:\/\/sinprfsp.org.br\/index.php\/wp-json\/wp\/v2\/media?parent=19106"}],"wp:term":[{"taxonomy":"category","embeddable":true,"href":"https:\/\/sinprfsp.org.br\/index.php\/wp-json\/wp\/v2\/categories?post=19106"},{"taxonomy":"post_tag","embeddable":true,"href":"https:\/\/sinprfsp.org.br\/index.php\/wp-json\/wp\/v2\/tags?post=19106"}],"curies":[{"name":"wp","href":"https:\/\/api.w.org\/{rel}","templated":true}]}}