{"id":19170,"date":"2025-02-03T11:10:35","date_gmt":"2025-02-03T14:10:35","guid":{"rendered":"https:\/\/sinprfsp.org.br\/?p=19170"},"modified":"2025-02-03T11:10:36","modified_gmt":"2025-02-03T14:10:36","slug":"a-quem-interessa-uma-prf-enfraquecida-campanha-ganha-forca-nas-redes-sociais-e-na-midia","status":"publish","type":"post","link":"https:\/\/sinprfsp.org.br\/index.php\/2025\/02\/03\/a-quem-interessa-uma-prf-enfraquecida-campanha-ganha-forca-nas-redes-sociais-e-na-midia\/","title":{"rendered":"\u201cA quem interessa uma PRF enfraquecida?\u201d &#8211; campanha ganha for\u00e7a nas redes sociais e na m\u00eddia"},"content":{"rendered":"\n<p>O SINPRF-SP intensificou sua mobiliza\u00e7\u00e3o contra a nova vers\u00e3o da PEC da Seguran\u00e7a P\u00fablica, apresentada pelo Ministro da Justi\u00e7a, Ricardo Lewandowski. A campanha, que traz o questionamento \u201cA quem interessa uma PRF enfraquecida?\u201d, ganhou grande repercuss\u00e3o nas redes sociais e j\u00e1 ecoa na grande m\u00eddia, demonstrando a preocupa\u00e7\u00e3o da categoria com as mudan\u00e7as que podem comprometer a atua\u00e7\u00e3o da PRF e abrir brechas para o aumento da criminalidade no pa\u00eds.<\/p>\n\n\n\n<p>A principal cr\u00edtica recai sobre a reda\u00e7\u00e3o do \u00a7 2\u00ba-B do artigo 144, que enfraquece a institui\u00e7\u00e3o e compromete o modelo de seguran\u00e7a p\u00fablica. Atualmente, a PRF desempenha um papel crucial no combate ao crime organizado, tr\u00e1fico de drogas, armas, muni\u00e7\u00f5es, explora\u00e7\u00e3o sexual infantil e roubo de cargas e ve\u00edculos. O novo texto, no entanto, pode afetar negativamente as opera\u00e7\u00f5es integradas e o trabalho cooperativo com o Minist\u00e9rio P\u00fablico e as demais for\u00e7as de seguran\u00e7a.<\/p>\n\n\n\n<p>Lembrando que outro ponto sens\u00edvel da proposta \u00e9 a altera\u00e7\u00e3o da nomenclatura da Pol\u00edcia Rodovi\u00e1ria Federal para Pol\u00edcia Vi\u00e1ria Federal, uma mudan\u00e7a que desconsidera quase um s\u00e9culo de hist\u00f3ria da PRF e sua identidade institucional. Para a categoria, a modifica\u00e7\u00e3o representaria um retrocesso na imagem da institui\u00e7\u00e3o e na confian\u00e7a que a sociedade deposita na PRF.<\/p>\n\n\n\n<p>A mobiliza\u00e7\u00e3o digital tem sido um dos principais instrumentos da campanha. O SINPRF-SP ressalta a import\u00e2ncia do engajamento da fam\u00edlia PRF e de toda a categoria na divulga\u00e7\u00e3o das postagens, garantindo que o tema continue em evid\u00eancia e pressione as autoridades respons\u00e1veis. A forte ades\u00e3o ao movimento j\u00e1 tem gerado impacto, refor\u00e7ando a uni\u00e3o e coes\u00e3o da categoria.<\/p>\n\n\n\n<p>Al\u00e9m das a\u00e7\u00f5es nas redes sociais, o Sistema Sindical PRF j\u00e1 solicitou uma reuni\u00e3o com o Ministro da Justi\u00e7a e espera ser recebido antes da apresenta\u00e7\u00e3o oficial da PEC. O objetivo \u00e9 garantir que as altera\u00e7\u00f5es prejudiciais \u00e0 PRF sejam retiradas do texto e que a seguran\u00e7a p\u00fablica brasileira seja fortalecida, e n\u00e3o enfraquecida.<\/p>\n\n\n\n<p>A diretoria do SINPRF-SP refor\u00e7a que este \u00e9 um momento decisivo e que, mais do que nunca, a participa\u00e7\u00e3o de todos \u00e9 essencial para impedir retrocessos que comprometam a atua\u00e7\u00e3o da PRF e a seguran\u00e7a da sociedade.<\/p>\n","protected":false},"excerpt":{"rendered":"<p>O SINPRF-SP intensificou sua mobiliza\u00e7\u00e3o contra a nova vers\u00e3o da PEC da Seguran\u00e7a P\u00fablica, apresentada pelo Ministro da Justi\u00e7a, Ricardo Lewandowski. A campanha, que traz o questionamento \u201cA quem interessa uma PRF enfraquecida?\u201d, ganhou grande repercuss\u00e3o nas redes sociais e j\u00e1 ecoa na grande m\u00eddia, demonstrando a preocupa\u00e7\u00e3o da categoria com as mudan\u00e7as que podem [&hellip;]<\/p>\n","protected":false},"author":3,"featured_media":19171,"comment_status":"closed","ping_status":"closed","sticky":false,"template":"","format":"standard","meta":{"footnotes":""},"categories":[1],"tags":[],"class_list":["post-19170","post","type-post","status-publish","format-standard","has-post-thumbnail","hentry","category-noticias-gerais"],"_links":{"self":[{"href":"https:\/\/sinprfsp.org.br\/index.php\/wp-json\/wp\/v2\/posts\/19170","targetHints":{"allow":["GET"]}}],"collection":[{"href":"https:\/\/sinprfsp.org.br\/index.php\/wp-json\/wp\/v2\/posts"}],"about":[{"href":"https:\/\/sinprfsp.org.br\/index.php\/wp-json\/wp\/v2\/types\/post"}],"author":[{"embeddable":true,"href":"https:\/\/sinprfsp.org.br\/index.php\/wp-json\/wp\/v2\/users\/3"}],"replies":[{"embeddable":true,"href":"https:\/\/sinprfsp.org.br\/index.php\/wp-json\/wp\/v2\/comments?post=19170"}],"version-history":[{"count":1,"href":"https:\/\/sinprfsp.org.br\/index.php\/wp-json\/wp\/v2\/posts\/19170\/revisions"}],"predecessor-version":[{"id":19172,"href":"https:\/\/sinprfsp.org.br\/index.php\/wp-json\/wp\/v2\/posts\/19170\/revisions\/19172"}],"wp:featuredmedia":[{"embeddable":true,"href":"https:\/\/sinprfsp.org.br\/index.php\/wp-json\/wp\/v2\/media\/19171"}],"wp:attachment":[{"href":"https:\/\/sinprfsp.org.br\/index.php\/wp-json\/wp\/v2\/media?parent=19170"}],"wp:term":[{"taxonomy":"category","embeddable":true,"href":"https:\/\/sinprfsp.org.br\/index.php\/wp-json\/wp\/v2\/categories?post=19170"},{"taxonomy":"post_tag","embeddable":true,"href":"https:\/\/sinprfsp.org.br\/index.php\/wp-json\/wp\/v2\/tags?post=19170"}],"curies":[{"name":"wp","href":"https:\/\/api.w.org\/{rel}","templated":true}]}}