{"id":19189,"date":"2025-02-13T12:03:48","date_gmt":"2025-02-13T15:03:48","guid":{"rendered":"https:\/\/sinprfsp.org.br\/?p=19189"},"modified":"2025-02-13T12:08:11","modified_gmt":"2025-02-13T15:08:11","slug":"sinprf-sp-marca-presenca-no-congresso-nacional-e-antecipa-debate-sobre-pec","status":"publish","type":"post","link":"https:\/\/sinprfsp.org.br\/index.php\/2025\/02\/13\/sinprf-sp-marca-presenca-no-congresso-nacional-e-antecipa-debate-sobre-pec\/","title":{"rendered":"SINPRF-SP marca presen\u00e7a no Congresso Nacional e antecipa debate sobre PEC"},"content":{"rendered":"\n<p>O Sindicato dos Policiais Rodovi\u00e1rios Federais de S\u00e3o Paulo (SINPRF-SP) est\u00e1 em miss\u00e3o em Bras\u00edlia, nesta semana, para refor\u00e7ar sua presen\u00e7a no Congresso Nacional. Como parte da tradi\u00e7\u00e3o anual do Sistema Sindical, os sindicatos estaduais, entregam kits institucionais, confeccionados pela Federa\u00e7\u00e3o Nacional dos Policiais Rodovi\u00e1rios Federais (FenaPRF), nos gabinetes de deputados e senadores de seus respectivos Estados.<\/p>\n\n\n\n<p>Os materiais, que incluem calend\u00e1rios, blocos de anota\u00e7\u00e3o e mouse pads, t\u00eam como objetivo estabelecer um primeiro contato do ano com os parlamentares e suas assessorias. &#8220;Essa estrat\u00e9gia nos permite abrir um canal de di\u00e1logo com os representantes de S\u00e3o Paulo, 70 gabinetes de deputados e tr\u00eas senadores, e refor\u00e7ar a presen\u00e7a da PRF no Congresso ao longo de todo o ano&#8221;, explica o presidente do SINPRF-SP, Ot\u00e1vio Oliveira.<\/p>\n\n\n\n<p>Al\u00e9m de manter a categoria vis\u00edvel dentro do Legislativo, a visita tamb\u00e9m tem um vi\u00e9s estrat\u00e9gico: antecipar a discuss\u00e3o sobre a Proposta de Emenda \u00e0 Constitui\u00e7\u00e3o (PEC) da Seguran\u00e7a P\u00fablica. &#8220;Estamos nos antecipando ao debate, levando para a sociedade e para a imprensa nossas an\u00e1lises cr\u00edticas sobre os pontos sens\u00edveis do texto. Isso amplia a discuss\u00e3o e nos posiciona como interlocutores qualificados para contribuir com eventuais ajustes&#8221;, destaca Ot\u00e1vio Oliveira.<\/p>\n\n\n\n<p>O SINPRF-SP acompanha de perto as movimenta\u00e7\u00f5es pol\u00edticas e refor\u00e7a que, embora muitos partidos costumem votar em bloco e seguir lideran\u00e7as em temas controversos como os tratados em Emendas Constitucionais, o Sistema Sindical PRF est\u00e1 se posicionando de forma cr\u00edtica nas m\u00eddias e perante a sociedade, for\u00e7ando uma amplia\u00e7\u00e3o do debate, posicionando-se como interlocutores capazes de contribuir com o aperfei\u00e7oamento das mudan\u00e7as apresentadas.<\/p>\n\n\n\n<figure class=\"wp-block-gallery columns-3 is-cropped wp-block-gallery-1 is-layout-flex wp-block-gallery-is-layout-flex\"><ul class=\"blocks-gallery-grid\"><li class=\"blocks-gallery-item\"><figure><img fetchpriority=\"high\" decoding=\"async\" width=\"768\" height=\"1024\" src=\"https:\/\/sinprfsp.org.br\/wp-content\/uploads\/2025\/02\/Visita-Congresso-Fev-de-2025_02-768x1024.jpeg\" alt=\"\" data-id=\"19191\" data-full-url=\"https:\/\/sinprfsp.org.br\/wp-content\/uploads\/2025\/02\/Visita-Congresso-Fev-de-2025_02.jpeg\" data-link=\"https:\/\/sinprfsp.org.br\/?attachment_id=19191\" class=\"wp-image-19191\" srcset=\"https:\/\/sinprfsp.org.br\/wp-content\/uploads\/2025\/02\/Visita-Congresso-Fev-de-2025_02-768x1024.jpeg 768w, https:\/\/sinprfsp.org.br\/wp-content\/uploads\/2025\/02\/Visita-Congresso-Fev-de-2025_02.jpeg 1200w\" sizes=\"(max-width: 768px) 100vw, 768px\" \/><figcaption class=\"blocks-gallery-item__caption\"><br><br><br>Diretores parlamentares Kleber Gomes de Fran\u00e7a e Paulo Rog\u00e9rio Martins Cunha em visita ao deputado federal Bruno Lima (PP-SP)<\/figcaption><\/figure><\/li><li class=\"blocks-gallery-item\"><figure><img decoding=\"async\" width=\"768\" height=\"1024\" src=\"https:\/\/sinprfsp.org.br\/wp-content\/uploads\/2025\/02\/Visita-Congresso-Fev-de-2025_03-768x1024.jpeg\" alt=\"\" data-id=\"19192\" data-full-url=\"https:\/\/sinprfsp.org.br\/wp-content\/uploads\/2025\/02\/Visita-Congresso-Fev-de-2025_03.jpeg\" data-link=\"https:\/\/sinprfsp.org.br\/?attachment_id=19192\" class=\"wp-image-19192\" srcset=\"https:\/\/sinprfsp.org.br\/wp-content\/uploads\/2025\/02\/Visita-Congresso-Fev-de-2025_03-768x1024.jpeg 768w, https:\/\/sinprfsp.org.br\/wp-content\/uploads\/2025\/02\/Visita-Congresso-Fev-de-2025_03.jpeg 1200w\" sizes=\"(max-width: 768px) 100vw, 768px\" \/><figcaption class=\"blocks-gallery-item__caption\"><br><br><br>Diretores Kleber Gomes de Fran\u00e7a e Paulo Cunha e o presidente Ot\u00e1vio Oliveira em visita ao gabinete do deputado federal Luiz Carlos Motta (PL-SP)<\/figcaption><\/figure><\/li><li class=\"blocks-gallery-item\"><figure><img decoding=\"async\" width=\"768\" height=\"1024\" src=\"https:\/\/sinprfsp.org.br\/wp-content\/uploads\/2025\/02\/Visita-Congresso-Fev-de-2025_01-768x1024.jpeg\" alt=\"\" data-id=\"19190\" data-full-url=\"https:\/\/sinprfsp.org.br\/wp-content\/uploads\/2025\/02\/Visita-Congresso-Fev-de-2025_01.jpeg\" data-link=\"https:\/\/sinprfsp.org.br\/?attachment_id=19190\" class=\"wp-image-19190\" srcset=\"https:\/\/sinprfsp.org.br\/wp-content\/uploads\/2025\/02\/Visita-Congresso-Fev-de-2025_01-768x1024.jpeg 768w, https:\/\/sinprfsp.org.br\/wp-content\/uploads\/2025\/02\/Visita-Congresso-Fev-de-2025_01.jpeg 1200w\" sizes=\"(max-width: 768px) 100vw, 768px\" \/><figcaption class=\"blocks-gallery-item__caption\"><br><br><br>Diretor parlamentar Kleber Gomes de Fran\u00e7a e o presidente do Conselho Fiscal, Marcos de Jesus Viana em visita ao deputado federal Jefferson Campos (PL-SP)&nbsp;<\/figcaption><\/figure><\/li><\/ul><\/figure>\n","protected":false},"excerpt":{"rendered":"<p>O Sindicato dos Policiais Rodovi\u00e1rios Federais de S\u00e3o Paulo (SINPRF-SP) est\u00e1 em miss\u00e3o em Bras\u00edlia, nesta semana, para refor\u00e7ar sua presen\u00e7a no Congresso Nacional. Como parte da tradi\u00e7\u00e3o anual do Sistema Sindical, os sindicatos estaduais, entregam kits institucionais, confeccionados pela Federa\u00e7\u00e3o Nacional dos Policiais Rodovi\u00e1rios Federais (FenaPRF), nos gabinetes de deputados e senadores de seus [&hellip;]<\/p>\n","protected":false},"author":3,"featured_media":19196,"comment_status":"closed","ping_status":"closed","sticky":false,"template":"","format":"standard","meta":{"footnotes":""},"categories":[41],"tags":[],"class_list":["post-19189","post","type-post","status-publish","format-standard","has-post-thumbnail","hentry","category-noticias-em-destaque"],"_links":{"self":[{"href":"https:\/\/sinprfsp.org.br\/index.php\/wp-json\/wp\/v2\/posts\/19189","targetHints":{"allow":["GET"]}}],"collection":[{"href":"https:\/\/sinprfsp.org.br\/index.php\/wp-json\/wp\/v2\/posts"}],"about":[{"href":"https:\/\/sinprfsp.org.br\/index.php\/wp-json\/wp\/v2\/types\/post"}],"author":[{"embeddable":true,"href":"https:\/\/sinprfsp.org.br\/index.php\/wp-json\/wp\/v2\/users\/3"}],"replies":[{"embeddable":true,"href":"https:\/\/sinprfsp.org.br\/index.php\/wp-json\/wp\/v2\/comments?post=19189"}],"version-history":[{"count":2,"href":"https:\/\/sinprfsp.org.br\/index.php\/wp-json\/wp\/v2\/posts\/19189\/revisions"}],"predecessor-version":[{"id":19195,"href":"https:\/\/sinprfsp.org.br\/index.php\/wp-json\/wp\/v2\/posts\/19189\/revisions\/19195"}],"wp:featuredmedia":[{"embeddable":true,"href":"https:\/\/sinprfsp.org.br\/index.php\/wp-json\/wp\/v2\/media\/19196"}],"wp:attachment":[{"href":"https:\/\/sinprfsp.org.br\/index.php\/wp-json\/wp\/v2\/media?parent=19189"}],"wp:term":[{"taxonomy":"category","embeddable":true,"href":"https:\/\/sinprfsp.org.br\/index.php\/wp-json\/wp\/v2\/categories?post=19189"},{"taxonomy":"post_tag","embeddable":true,"href":"https:\/\/sinprfsp.org.br\/index.php\/wp-json\/wp\/v2\/tags?post=19189"}],"curies":[{"name":"wp","href":"https:\/\/api.w.org\/{rel}","templated":true}]}}