{"id":19199,"date":"2025-02-21T15:28:46","date_gmt":"2025-02-21T18:28:46","guid":{"rendered":"https:\/\/sinprfsp.org.br\/?p=19199"},"modified":"2025-02-21T15:28:47","modified_gmt":"2025-02-21T18:28:47","slug":"ministro-da-justica-altera-pec-da-seguranca-publica-para-resguardar-atuacao-da-prf","status":"publish","type":"post","link":"https:\/\/sinprfsp.org.br\/index.php\/2025\/02\/21\/ministro-da-justica-altera-pec-da-seguranca-publica-para-resguardar-atuacao-da-prf\/","title":{"rendered":"Ministro da Justi\u00e7a altera PEC da Seguran\u00e7a P\u00fablica para resguardar atua\u00e7\u00e3o da PRF"},"content":{"rendered":"\n<p>O ministro da Justi\u00e7a, Ricardo Lewandowski, entregou \u00e0 FenaPRF uma nova vers\u00e3o do texto da PEC da Seguran\u00e7a P\u00fablica com uma importante altera\u00e7\u00e3o, garantindo a atividade de intelig\u00eancia realizada pelos policiais rodovi\u00e1rios federais. A mudan\u00e7a havia sido pleiteada pela Federa\u00e7\u00e3o na reuni\u00e3o do \u00faltimo dia 6 de fevereiro e foi informada pessoalmente pelo ministro nesta quarta-feira (19), durante o lan\u00e7amento da opera\u00e7\u00e3o Rodovida.<\/p>\n\n\n\n<p>O artigo, na forma como estava redigido, poderia comprometer a efici\u00eancia da atividade dos PRFs ao limitar o trabalho de intelig\u00eancia realizado no policiamento ostensivo nas rodovias federais e em \u00e1reas de interesse da Uni\u00e3o.<\/p>\n\n\n\n<p>\u201cMinistro reconheceu ap\u00f3s reuni\u00e3o com a FENAPRF que a efetividade do nosso trabalho poderiam cair de forma vertiginosa caso a intelig\u00eancia da PRF fosse prejudicada, e ele atendeu prontamente a solicita\u00e7\u00e3o. Agora, vamos buscar na Casa Civil e no Legislativo a mudan\u00e7a de outros pontos que entendemos necess\u00e1rios\u201d, afirmou T\u00e1cio Melo, presidente da FenaPRF.<\/p>\n\n\n\n<p><strong>O trecho do texto agora passa a ter a seguinte reda\u00e7\u00e3o:<\/strong><\/p>\n\n\n\n<blockquote class=\"wp-block-quote is-layout-flow wp-block-quote-is-layout-flow\"><p><em>\u201c\u00a7 2\u00ba-B A Pol\u00edcia Vi\u00e1ria Federal, no desempenho de suas atribui\u00e7\u00f5es, n\u00e3o exercer\u00e1 fun\u00e7\u00f5es pr\u00f3prias das pol\u00edcias judici\u00e1rias nem proceder\u00e1 \u00e0 apura\u00e7\u00e3o de infra\u00e7\u00f5es penais, cuja compet\u00eancia \u00e9 exclusiva da Pol\u00edcia Federal e das pol\u00edcias civis, assegurada, na forma da lei, a atividade de intelig\u00eancia que lhe \u00e9 pr\u00f3pria.\u201d<\/em><\/p><\/blockquote>\n\n\n\n<ul class=\"wp-block-list\"><li><a href=\"https:\/\/fenaprf.org.br\/novo\/wp-content\/uploads\/2025\/02\/Proposta-PEC-Seguranca-Publica-190225.pdf\"><strong>Clique aqui<\/strong><\/a>&nbsp;para ler a Proposta da PEC da Seguran\u00e7a P\u00fablica com altera\u00e7\u00e3o<\/li><li><strong><a href=\"https:\/\/fenaprf.org.br\/novo\/fenaprf-participa-de-reuniao-com-ministro-lewandowski-para-discutir-pec-da-seguranca-publica\/\" target=\"_blank\" rel=\"noreferrer noopener\">FenaPRF se re\u00fane<\/a><\/strong>&nbsp;com Ministro Lewandowski em 06 de fevereiro<\/li><\/ul>\n\n\n\n<p>Na reuni\u00e3o realizada na sede do Minist\u00e9rio da Justi\u00e7a, a FenaPRF tamb\u00e9m solicitou que o nome Pol\u00edcia Rodovi\u00e1ria Federal fosse mantido, al\u00e9m da inclus\u00e3o, no texto da PEC, da especifica\u00e7\u00e3o sobre a realiza\u00e7\u00e3o do policiamento ostensivo da Uni\u00e3o pelos PRFs.<\/p>\n\n\n\n<p>Sobre os dois pontos que ainda est\u00e3o pendentes, a FenaPRF seguir\u00e1 trabalhando no Legislativo e na Casa Civil para garantir essas mudan\u00e7as.<\/p>\n\n\n\n<p>Fonte: FenaPRF<\/p>\n","protected":false},"excerpt":{"rendered":"<p>O ministro da Justi\u00e7a, Ricardo Lewandowski, entregou \u00e0 FenaPRF uma nova vers\u00e3o do texto da PEC da Seguran\u00e7a P\u00fablica com uma importante altera\u00e7\u00e3o, garantindo a atividade de intelig\u00eancia realizada pelos policiais rodovi\u00e1rios federais. A mudan\u00e7a havia sido pleiteada pela Federa\u00e7\u00e3o na reuni\u00e3o do \u00faltimo dia 6 de fevereiro e foi informada pessoalmente pelo ministro nesta [&hellip;]<\/p>\n","protected":false},"author":3,"featured_media":19200,"comment_status":"closed","ping_status":"closed","sticky":false,"template":"","format":"standard","meta":{"footnotes":""},"categories":[1],"tags":[],"class_list":["post-19199","post","type-post","status-publish","format-standard","has-post-thumbnail","hentry","category-noticias-gerais"],"_links":{"self":[{"href":"https:\/\/sinprfsp.org.br\/index.php\/wp-json\/wp\/v2\/posts\/19199","targetHints":{"allow":["GET"]}}],"collection":[{"href":"https:\/\/sinprfsp.org.br\/index.php\/wp-json\/wp\/v2\/posts"}],"about":[{"href":"https:\/\/sinprfsp.org.br\/index.php\/wp-json\/wp\/v2\/types\/post"}],"author":[{"embeddable":true,"href":"https:\/\/sinprfsp.org.br\/index.php\/wp-json\/wp\/v2\/users\/3"}],"replies":[{"embeddable":true,"href":"https:\/\/sinprfsp.org.br\/index.php\/wp-json\/wp\/v2\/comments?post=19199"}],"version-history":[{"count":1,"href":"https:\/\/sinprfsp.org.br\/index.php\/wp-json\/wp\/v2\/posts\/19199\/revisions"}],"predecessor-version":[{"id":19201,"href":"https:\/\/sinprfsp.org.br\/index.php\/wp-json\/wp\/v2\/posts\/19199\/revisions\/19201"}],"wp:featuredmedia":[{"embeddable":true,"href":"https:\/\/sinprfsp.org.br\/index.php\/wp-json\/wp\/v2\/media\/19200"}],"wp:attachment":[{"href":"https:\/\/sinprfsp.org.br\/index.php\/wp-json\/wp\/v2\/media?parent=19199"}],"wp:term":[{"taxonomy":"category","embeddable":true,"href":"https:\/\/sinprfsp.org.br\/index.php\/wp-json\/wp\/v2\/categories?post=19199"},{"taxonomy":"post_tag","embeddable":true,"href":"https:\/\/sinprfsp.org.br\/index.php\/wp-json\/wp\/v2\/tags?post=19199"}],"curies":[{"name":"wp","href":"https:\/\/api.w.org\/{rel}","templated":true}]}}