{"id":19230,"date":"2025-03-05T14:02:28","date_gmt":"2025-03-05T17:02:28","guid":{"rendered":"https:\/\/sinprfsp.org.br\/?p=19230"},"modified":"2025-03-05T14:02:28","modified_gmt":"2025-03-05T17:02:28","slug":"sinprf-sp-participa-de-palestra-sobre-prevencao-e-enfrentamento-ao-assedio-e-a-discriminacao-na-prf","status":"publish","type":"post","link":"https:\/\/sinprfsp.org.br\/index.php\/2025\/03\/05\/sinprf-sp-participa-de-palestra-sobre-prevencao-e-enfrentamento-ao-assedio-e-a-discriminacao-na-prf\/","title":{"rendered":"SINPRF-SP participa de palestra sobre preven\u00e7\u00e3o e enfrentamento ao ass\u00e9dio e \u00e0 discrimina\u00e7\u00e3o na PRF"},"content":{"rendered":"\n<p>No \u00faltimo dia 19, o SINPRF-SP marcou presen\u00e7a na palestra \u201cApresenta\u00e7\u00e3o da Pol\u00edtica de Preven\u00e7\u00e3o e Enfrentamento ao Ass\u00e9dio e \u00e0 Discrimina\u00e7\u00e3o na PRF\u201d, conduzida pela PRF Bruna Bacelar, na sede da Superintend\u00eancia da PRF em S\u00e3o Paulo. Na ocasi\u00e3o, o sindicato foi representado por seu presidente Ot\u00e1vio Oliveira, pelo vice-presidente Den\u00edlson de Moura e pelos diretores Kleber Gomes de Fran\u00e7a, Andr\u00e9 Lu\u00eds Bruni e Wagner Dem\u00e9trio da Silva.<\/p>\n\n\n\n<p>Durante a palestra, foram apresentados diretrizes e medidas para a preven\u00e7\u00e3o de situa\u00e7\u00f5es de ass\u00e9dio e discrimina\u00e7\u00e3o no \u00e2mbito da PRF, destacando a import\u00e2ncia de um ambiente profissional seguro, \u00e9tico e respeitoso.<\/p>\n\n\n\n<p>O presidente do SINPRF-SP, Ot\u00e1vio Oliveira, ressaltou a relev\u00e2ncia do tema e reafirmou o compromisso do sindicato na defesa dos direitos dos Policiais Rodovi\u00e1rios Federais: \u201cDiscutir a preven\u00e7\u00e3o e o enfrentamento ao ass\u00e9dio e \u00e0 discrimina\u00e7\u00e3o dentro da PRF n\u00e3o \u00e9 apenas uma necessidade, mas um compromisso com a valoriza\u00e7\u00e3o dos profissionais que dedicam suas vidas \u00e0 seguran\u00e7a p\u00fablica. O SINPRF-SP apoia iniciativas como essa, pois acreditamos que um ambiente de trabalho respeitoso e seguro reflete diretamente na qualidade do servi\u00e7o prestado \u00e0 sociedade. Seguiremos atentos e atuantes para garantir que todos os Policiais Rodovi\u00e1rios Federais tenham seus direitos e sua dignidade preservados\u201d, disse.<\/p>\n\n\n\n<p>A participa\u00e7\u00e3o do SINPRF-SP em eventos como esse refor\u00e7a seu compromisso com o bem-estar dos policiais e a promo\u00e7\u00e3o de um ambiente de trabalho livre de qualquer forma de ass\u00e9dio ou discrimina\u00e7\u00e3o.<\/p>\n\n\n\n<p>O SINPRF-SP parabeniza a iniciativa do DPRF, mas destaca que \u00e9 fundamental que a implementa\u00e7\u00e3o dessa pol\u00edtica chegue a cada ronda, posto e n\u00facleo da PRF.<\/p>\n","protected":false},"excerpt":{"rendered":"<p>No \u00faltimo dia 19, o SINPRF-SP marcou presen\u00e7a na palestra \u201cApresenta\u00e7\u00e3o da Pol\u00edtica de Preven\u00e7\u00e3o e Enfrentamento ao Ass\u00e9dio e \u00e0 Discrimina\u00e7\u00e3o na PRF\u201d, conduzida pela PRF Bruna Bacelar, na sede da Superintend\u00eancia da PRF em S\u00e3o Paulo. Na ocasi\u00e3o, o sindicato foi representado por seu presidente Ot\u00e1vio Oliveira, pelo vice-presidente Den\u00edlson de Moura e [&hellip;]<\/p>\n","protected":false},"author":3,"featured_media":19231,"comment_status":"closed","ping_status":"closed","sticky":false,"template":"","format":"standard","meta":{"footnotes":""},"categories":[1],"tags":[],"class_list":["post-19230","post","type-post","status-publish","format-standard","has-post-thumbnail","hentry","category-noticias-gerais"],"_links":{"self":[{"href":"https:\/\/sinprfsp.org.br\/index.php\/wp-json\/wp\/v2\/posts\/19230","targetHints":{"allow":["GET"]}}],"collection":[{"href":"https:\/\/sinprfsp.org.br\/index.php\/wp-json\/wp\/v2\/posts"}],"about":[{"href":"https:\/\/sinprfsp.org.br\/index.php\/wp-json\/wp\/v2\/types\/post"}],"author":[{"embeddable":true,"href":"https:\/\/sinprfsp.org.br\/index.php\/wp-json\/wp\/v2\/users\/3"}],"replies":[{"embeddable":true,"href":"https:\/\/sinprfsp.org.br\/index.php\/wp-json\/wp\/v2\/comments?post=19230"}],"version-history":[{"count":1,"href":"https:\/\/sinprfsp.org.br\/index.php\/wp-json\/wp\/v2\/posts\/19230\/revisions"}],"predecessor-version":[{"id":19232,"href":"https:\/\/sinprfsp.org.br\/index.php\/wp-json\/wp\/v2\/posts\/19230\/revisions\/19232"}],"wp:featuredmedia":[{"embeddable":true,"href":"https:\/\/sinprfsp.org.br\/index.php\/wp-json\/wp\/v2\/media\/19231"}],"wp:attachment":[{"href":"https:\/\/sinprfsp.org.br\/index.php\/wp-json\/wp\/v2\/media?parent=19230"}],"wp:term":[{"taxonomy":"category","embeddable":true,"href":"https:\/\/sinprfsp.org.br\/index.php\/wp-json\/wp\/v2\/categories?post=19230"},{"taxonomy":"post_tag","embeddable":true,"href":"https:\/\/sinprfsp.org.br\/index.php\/wp-json\/wp\/v2\/tags?post=19230"}],"curies":[{"name":"wp","href":"https:\/\/api.w.org\/{rel}","templated":true}]}}