{"id":19255,"date":"2025-03-25T10:05:31","date_gmt":"2025-03-25T13:05:31","guid":{"rendered":"https:\/\/sinprfsp.org.br\/?p=19255"},"modified":"2025-03-25T10:05:31","modified_gmt":"2025-03-25T13:05:31","slug":"sinprf-sp-homenageia-prf-fabio-luis-de-almeida-por-sua-aposentadoria","status":"publish","type":"post","link":"https:\/\/sinprfsp.org.br\/index.php\/2025\/03\/25\/sinprf-sp-homenageia-prf-fabio-luis-de-almeida-por-sua-aposentadoria\/","title":{"rendered":"SINPRF-SP homenageia PRF F\u00e1bio Lu\u00eds de Almeida por sua aposentadoria"},"content":{"rendered":"\n<p>No dia 13 de mar\u00e7o de 2025, o Policial Rodovi\u00e1rio Federal F\u00e1bio Lu\u00eds de Almeida encerrou um ciclo de 36 anos dedicados \u00e0 Seguran\u00e7a P\u00fablica. Destes, 31 anos foram na Pol\u00edcia Rodovi\u00e1ria Federal (PRF) e cinco na Pol\u00edcia Rodovi\u00e1ria Estadual. Com a aposentadoria, ele passa a integrar o seleto grupo de Policiais Rodovi\u00e1rios Federais aposentados.<\/p>\n\n\n\n<p>F\u00e1bio ingressou na PRF em 1994, sendo inicialmente lotado na Delegacia de Itapecerica da Serra, onde exerceu a fun\u00e7\u00e3o de chefe entre 1999 e 2002. Em seguida, foi transferido para a Delegacia da PRF em Guarulhos e, posteriormente, para Bras\u00edlia, onde assumiu a Coordena\u00e7\u00e3o de Controle Operacional do DPRF. Ap\u00f3s esse per\u00edodo, retornou \u00e0 1\u00aa Delegacia PRF de Guarulhos, onde permaneceu at\u00e9 sua aposentadoria.<\/p>\n\n\n\n<p>Al\u00e9m da atua\u00e7\u00e3o na PRF, F\u00e1bio construiu uma trajet\u00f3ria de destaque SINPRF-SP. De 2013 a 2016, ocupou o cargo de vice-presidente e, entre 2016 e 2022, presidiu a entidade por dois mandatos. Atualmente, exerce seu segundo mandato como Delegado Representante na FenaPRF, onde tamb\u00e9m ocupa a diretoria de secretaria em \u00e2mbito nacional.<\/p>\n\n\n\n<p>A diretoria do SINPRF-SP parabeniza o amigo F\u00e1bio Lu\u00eds de Almeida por sua trajet\u00f3ria e deseja sucesso nesta nova etapa de sua vida.<\/p>\n","protected":false},"excerpt":{"rendered":"<p>No dia 13 de mar\u00e7o de 2025, o Policial Rodovi\u00e1rio Federal F\u00e1bio Lu\u00eds de Almeida encerrou um ciclo de 36 anos dedicados \u00e0 Seguran\u00e7a P\u00fablica. Destes, 31 anos foram na Pol\u00edcia Rodovi\u00e1ria Federal (PRF) e cinco na Pol\u00edcia Rodovi\u00e1ria Estadual. Com a aposentadoria, ele passa a integrar o seleto grupo de Policiais Rodovi\u00e1rios Federais aposentados. [&hellip;]<\/p>\n","protected":false},"author":3,"featured_media":19256,"comment_status":"closed","ping_status":"closed","sticky":false,"template":"","format":"standard","meta":{"footnotes":""},"categories":[41],"tags":[],"class_list":["post-19255","post","type-post","status-publish","format-standard","has-post-thumbnail","hentry","category-noticias-em-destaque"],"_links":{"self":[{"href":"https:\/\/sinprfsp.org.br\/index.php\/wp-json\/wp\/v2\/posts\/19255","targetHints":{"allow":["GET"]}}],"collection":[{"href":"https:\/\/sinprfsp.org.br\/index.php\/wp-json\/wp\/v2\/posts"}],"about":[{"href":"https:\/\/sinprfsp.org.br\/index.php\/wp-json\/wp\/v2\/types\/post"}],"author":[{"embeddable":true,"href":"https:\/\/sinprfsp.org.br\/index.php\/wp-json\/wp\/v2\/users\/3"}],"replies":[{"embeddable":true,"href":"https:\/\/sinprfsp.org.br\/index.php\/wp-json\/wp\/v2\/comments?post=19255"}],"version-history":[{"count":1,"href":"https:\/\/sinprfsp.org.br\/index.php\/wp-json\/wp\/v2\/posts\/19255\/revisions"}],"predecessor-version":[{"id":19257,"href":"https:\/\/sinprfsp.org.br\/index.php\/wp-json\/wp\/v2\/posts\/19255\/revisions\/19257"}],"wp:featuredmedia":[{"embeddable":true,"href":"https:\/\/sinprfsp.org.br\/index.php\/wp-json\/wp\/v2\/media\/19256"}],"wp:attachment":[{"href":"https:\/\/sinprfsp.org.br\/index.php\/wp-json\/wp\/v2\/media?parent=19255"}],"wp:term":[{"taxonomy":"category","embeddable":true,"href":"https:\/\/sinprfsp.org.br\/index.php\/wp-json\/wp\/v2\/categories?post=19255"},{"taxonomy":"post_tag","embeddable":true,"href":"https:\/\/sinprfsp.org.br\/index.php\/wp-json\/wp\/v2\/tags?post=19255"}],"curies":[{"name":"wp","href":"https:\/\/api.w.org\/{rel}","templated":true}]}}