{"id":19261,"date":"2025-03-24T15:43:41","date_gmt":"2025-03-24T18:43:41","guid":{"rendered":"https:\/\/sinprfsp.org.br\/?p=19261"},"modified":"2025-03-31T15:44:03","modified_gmt":"2025-03-31T18:44:03","slug":"sinprf-sp-participa-de-reuniao-com-forum-brasileiro-de-seguranca-publica","status":"publish","type":"post","link":"https:\/\/sinprfsp.org.br\/index.php\/2025\/03\/24\/sinprf-sp-participa-de-reuniao-com-forum-brasileiro-de-seguranca-publica\/","title":{"rendered":"SINPRF-SP participa de reuni\u00e3o com F\u00f3rum Brasileiro de Seguran\u00e7a P\u00fablica"},"content":{"rendered":"\n<p>O SINPRF-SP representado pelo presidente Ot\u00e1vio Oliveira e pelo diretor parlamentar Paulo Cunha, esteve reunido com o presidente do F\u00f3rum Brasileiro de Seguran\u00e7a P\u00fablica, Renato S\u00e9rgio de Lima. O encontro teve como pauta principal a PEC da Seguran\u00e7a P\u00fablica e a possibilidade de uma parceria para fortalecer o debate e a gest\u00e3o da seguran\u00e7a no Brasil.<\/p>\n\n\n\n<p>A PEC da Seguran\u00e7a P\u00fablica prop\u00f5e mudan\u00e7as estruturais na legisla\u00e7\u00e3o que impactam diretamente o trabalho das for\u00e7as policiais e a organiza\u00e7\u00e3o do sistema de seguran\u00e7a no pa\u00eds. Durante a reuni\u00e3o, os representantes do SINPRF-SP discutiram a import\u00e2ncia de um alinhamento entre diferentes institui\u00e7\u00f5es para fortalecer a categoria e aprimorar as condi\u00e7\u00f5es de trabalho dos profissionais da \u00e1rea.<\/p>\n\n\n\n<p>O F\u00f3rum Brasileiro de Seguran\u00e7a P\u00fablica \u00e9 uma organiza\u00e7\u00e3o n\u00e3o-governamental e apartid\u00e1ria que atua na produ\u00e7\u00e3o e divulga\u00e7\u00e3o de informa\u00e7\u00f5es sobre a seguran\u00e7a p\u00fablica no Brasil. A institui\u00e7\u00e3o \u00e9 composta por policiais, gestores p\u00fablicos, pesquisadores, ativistas e operadores do sistema de justi\u00e7a, contribuindo para a formula\u00e7\u00e3o de pol\u00edticas p\u00fablicas e para o fortalecimento da seguran\u00e7a como um direito fundamental.<\/p>\n\n\n\n<p>O SINPRF-SP tem buscado ampliar sua atua\u00e7\u00e3o e estabelecer parcerias estrat\u00e9gicas com entidades que compartilham do compromisso com a valoriza\u00e7\u00e3o dos profissionais de seguran\u00e7a e com a constru\u00e7\u00e3o de um ambiente mais seguro para a sociedade. O encontro com o F\u00f3rum representa mais um passo nessa dire\u00e7\u00e3o, reafirmando o compromisso do SINPRF-SP com o desenvolvimento e fortalecimento da categoria.<\/p>\n","protected":false},"excerpt":{"rendered":"<p>O SINPRF-SP representado pelo presidente Ot\u00e1vio Oliveira e pelo diretor parlamentar Paulo Cunha, esteve reunido com o presidente do F\u00f3rum Brasileiro de Seguran\u00e7a P\u00fablica, Renato S\u00e9rgio de Lima. O encontro teve como pauta principal a PEC da Seguran\u00e7a P\u00fablica e a possibilidade de uma parceria para fortalecer o debate e a gest\u00e3o da seguran\u00e7a no [&hellip;]<\/p>\n","protected":false},"author":3,"featured_media":19262,"comment_status":"closed","ping_status":"closed","sticky":false,"template":"","format":"standard","meta":{"footnotes":""},"categories":[41],"tags":[],"class_list":["post-19261","post","type-post","status-publish","format-standard","has-post-thumbnail","hentry","category-noticias-em-destaque"],"_links":{"self":[{"href":"https:\/\/sinprfsp.org.br\/index.php\/wp-json\/wp\/v2\/posts\/19261","targetHints":{"allow":["GET"]}}],"collection":[{"href":"https:\/\/sinprfsp.org.br\/index.php\/wp-json\/wp\/v2\/posts"}],"about":[{"href":"https:\/\/sinprfsp.org.br\/index.php\/wp-json\/wp\/v2\/types\/post"}],"author":[{"embeddable":true,"href":"https:\/\/sinprfsp.org.br\/index.php\/wp-json\/wp\/v2\/users\/3"}],"replies":[{"embeddable":true,"href":"https:\/\/sinprfsp.org.br\/index.php\/wp-json\/wp\/v2\/comments?post=19261"}],"version-history":[{"count":1,"href":"https:\/\/sinprfsp.org.br\/index.php\/wp-json\/wp\/v2\/posts\/19261\/revisions"}],"predecessor-version":[{"id":19263,"href":"https:\/\/sinprfsp.org.br\/index.php\/wp-json\/wp\/v2\/posts\/19261\/revisions\/19263"}],"wp:featuredmedia":[{"embeddable":true,"href":"https:\/\/sinprfsp.org.br\/index.php\/wp-json\/wp\/v2\/media\/19262"}],"wp:attachment":[{"href":"https:\/\/sinprfsp.org.br\/index.php\/wp-json\/wp\/v2\/media?parent=19261"}],"wp:term":[{"taxonomy":"category","embeddable":true,"href":"https:\/\/sinprfsp.org.br\/index.php\/wp-json\/wp\/v2\/categories?post=19261"},{"taxonomy":"post_tag","embeddable":true,"href":"https:\/\/sinprfsp.org.br\/index.php\/wp-json\/wp\/v2\/tags?post=19261"}],"curies":[{"name":"wp","href":"https:\/\/api.w.org\/{rel}","templated":true}]}}