{"id":19264,"date":"2025-03-24T15:45:33","date_gmt":"2025-03-24T18:45:33","guid":{"rendered":"https:\/\/sinprfsp.org.br\/?p=19264"},"modified":"2025-03-31T15:45:50","modified_gmt":"2025-03-31T18:45:50","slug":"fenaprf-acompanha-inicio-do-curso-de-formacao-na-uniprf","status":"publish","type":"post","link":"https:\/\/sinprfsp.org.br\/index.php\/2025\/03\/24\/fenaprf-acompanha-inicio-do-curso-de-formacao-na-uniprf\/","title":{"rendered":"FenaPRF acompanha in\u00edcio do curso de forma\u00e7\u00e3o na UniPRF"},"content":{"rendered":"\n<p>Representantes da FenaPRF estiveram na Universidade Corporativa da Pol\u00edcia Rodovi\u00e1ria Federal (UniPRF), em Santa Catarina, para acompanhar o in\u00edcio do curso de forma\u00e7\u00e3o da nova turma de Policiais Rodovi\u00e1rios Federais. A visita ocorreu nos dias 17 e 18 de mar\u00e7o e contou com a presen\u00e7a dos diretores Sidnei Nunes, da \u00e1rea jur\u00eddica, e Paulo Roberto Coelho, coordenador de sa\u00fade da entidade.<\/p>\n\n\n\n<p>Durante a passagem pela UniPRF, os representantes da FenaPRF conversaram com os novos alunos sobre o Sistema Sindical PRF e a import\u00e2ncia da representatividade para a categoria. Tamb\u00e9m desejaram sucesso na forma\u00e7\u00e3o, refor\u00e7ando o compromisso da Federa\u00e7\u00e3o em apoiar os servidores desde o in\u00edcio da carreira.<\/p>\n\n\n\n<p>\u201c\u00c9 um momento especial para esses novos profissionais, que est\u00e3o prestes a ingressar na PRF e contribuir para a seguran\u00e7a p\u00fablica do pa\u00eds. A FenaPRF est\u00e1 aqui para apoi\u00e1-los desde o come\u00e7o dessa jornada\u201d, destacou T\u00e1cio Melo.<\/p>\n\n\n\n<p>A visita reafirma a proximidade da FenaPRF com a base da categoria e a necessidade de fortalecer o sistema sindical para garantir melhores condi\u00e7\u00f5es de trabalho aos Policiais Rodovi\u00e1rios Federais. A Federa\u00e7\u00e3o busca ainda garantir um espa\u00e7o durante o curso de forma\u00e7\u00e3o para refor\u00e7ar a import\u00e2ncia da representa\u00e7\u00e3o sindical no fortalecimento da PRF.<\/p>\n\n\n\n<p>Em 2019, os representantes sindicais tiveram 50 minutos com cada turma para apresentar como a PRF de hoje foi constru\u00edda pela luta organizada da categoria. A expectativa \u00e9 que a atual gest\u00e3o do \u00f3rg\u00e3o reconhe\u00e7a a relev\u00e2ncia desse aprendizado e possibilite o mesmo espa\u00e7o para os novos policiais.<\/p>\n","protected":false},"excerpt":{"rendered":"<p>Representantes da FenaPRF estiveram na Universidade Corporativa da Pol\u00edcia Rodovi\u00e1ria Federal (UniPRF), em Santa Catarina, para acompanhar o in\u00edcio do curso de forma\u00e7\u00e3o da nova turma de Policiais Rodovi\u00e1rios Federais. A visita ocorreu nos dias 17 e 18 de mar\u00e7o e contou com a presen\u00e7a dos diretores Sidnei Nunes, da \u00e1rea jur\u00eddica, e Paulo Roberto [&hellip;]<\/p>\n","protected":false},"author":3,"featured_media":19265,"comment_status":"closed","ping_status":"closed","sticky":false,"template":"","format":"standard","meta":{"footnotes":""},"categories":[1],"tags":[],"class_list":["post-19264","post","type-post","status-publish","format-standard","has-post-thumbnail","hentry","category-noticias-gerais"],"_links":{"self":[{"href":"https:\/\/sinprfsp.org.br\/index.php\/wp-json\/wp\/v2\/posts\/19264","targetHints":{"allow":["GET"]}}],"collection":[{"href":"https:\/\/sinprfsp.org.br\/index.php\/wp-json\/wp\/v2\/posts"}],"about":[{"href":"https:\/\/sinprfsp.org.br\/index.php\/wp-json\/wp\/v2\/types\/post"}],"author":[{"embeddable":true,"href":"https:\/\/sinprfsp.org.br\/index.php\/wp-json\/wp\/v2\/users\/3"}],"replies":[{"embeddable":true,"href":"https:\/\/sinprfsp.org.br\/index.php\/wp-json\/wp\/v2\/comments?post=19264"}],"version-history":[{"count":1,"href":"https:\/\/sinprfsp.org.br\/index.php\/wp-json\/wp\/v2\/posts\/19264\/revisions"}],"predecessor-version":[{"id":19266,"href":"https:\/\/sinprfsp.org.br\/index.php\/wp-json\/wp\/v2\/posts\/19264\/revisions\/19266"}],"wp:featuredmedia":[{"embeddable":true,"href":"https:\/\/sinprfsp.org.br\/index.php\/wp-json\/wp\/v2\/media\/19265"}],"wp:attachment":[{"href":"https:\/\/sinprfsp.org.br\/index.php\/wp-json\/wp\/v2\/media?parent=19264"}],"wp:term":[{"taxonomy":"category","embeddable":true,"href":"https:\/\/sinprfsp.org.br\/index.php\/wp-json\/wp\/v2\/categories?post=19264"},{"taxonomy":"post_tag","embeddable":true,"href":"https:\/\/sinprfsp.org.br\/index.php\/wp-json\/wp\/v2\/tags?post=19264"}],"curies":[{"name":"wp","href":"https:\/\/api.w.org\/{rel}","templated":true}]}}