{"id":19299,"date":"2025-04-07T17:30:01","date_gmt":"2025-04-07T20:30:01","guid":{"rendered":"https:\/\/sinprfsp.org.br\/?p=19299"},"modified":"2025-04-07T17:30:01","modified_gmt":"2025-04-07T20:30:01","slug":"suspensao-de-operacoes-conjuntas-da-prf-gera-forte-reacao-politica","status":"publish","type":"post","link":"https:\/\/sinprfsp.org.br\/index.php\/2025\/04\/07\/suspensao-de-operacoes-conjuntas-da-prf-gera-forte-reacao-politica\/","title":{"rendered":"Suspens\u00e3o de opera\u00e7\u00f5es conjuntas da PRF gera forte rea\u00e7\u00e3o pol\u00edtica"},"content":{"rendered":"\n<p>A decis\u00e3o do Minist\u00e9rio da Justi\u00e7a de suspender as opera\u00e7\u00f5es conjuntas da Pol\u00edcia Rodovi\u00e1ria Federal (PRF) com \u00f3rg\u00e3os como os Minist\u00e9rios P\u00fablicos Estaduais e as For\u00e7as Integradas de Combate ao Crime Organizado (Ficcos), gerou forte rea\u00e7\u00e3o no meio pol\u00edtico e sindical.<\/p>\n\n\n\n<p>A medida foi formalizada pelo Of\u00edcio-Circular n\u00ba 3\/2025\/DG, com base na Portaria n\u00ba 830\/2024 do Minist\u00e9rio da Justi\u00e7a e Seguran\u00e7a P\u00fablica. O documento determina o encerramento dos acordos e o retorno de servidores, ve\u00edculos e equipamentos alocados junto a \u00f3rg\u00e3os parceiros.<\/p>\n\n\n\n<p><strong>Repercuss\u00e3o no Congresso<\/strong><\/p>\n\n\n\n<p>No Congresso Nacional, parlamentares criticaram a decis\u00e3o e cobraram explica\u00e7\u00f5es do ministro da Justi\u00e7a, Ricardo Lewandowski. Deputados como Adriana Ventura (Novo-SP), Alberto Fraga (PL-DF), Gilson Marques (Novo-SC) e Marcel Van Hattem (Novo-RS) protocolaram Requerimentos de Informa\u00e7\u00e3o (RIC) exigindo um posicionamento oficial sobre o tema.<\/p>\n\n\n\n<p>Al\u00e9m disso, o deputado Nicoletti (UNI\u00c3O-RR) apresentou um requerimento de indica\u00e7\u00e3o legislativa ao presidente Luiz In\u00e1cio Lula da Silva, solicitando, em car\u00e1ter de urg\u00eancia, a revis\u00e3o da Portaria n\u00ba 830\/2024 e a revoga\u00e7\u00e3o do Of\u00edcio-Circular n\u00ba 3\/2025\/DG-PRF.<\/p>\n\n\n\n<p><strong>Cr\u00edticas do Sistema Sindical PRF<\/strong><\/p>\n\n\n\n<p>O Sistema Sindical PRF classificou a medida como um retrocesso na seguran\u00e7a p\u00fablica, alertando que a suspens\u00e3o das opera\u00e7\u00f5es conjuntas favorece o crime organizado e contraria as melhores pr\u00e1ticas internacionais.<\/p>\n\n\n\n<p>A entidade tamb\u00e9m refor\u00e7a que \u00e9 essencial garantir seguran\u00e7a jur\u00eddica para que os Policiais Rodovi\u00e1rios Federais possam atuar no combate ao crime, seja na atividade ordin\u00e1ria ou por meio da articula\u00e7\u00e3o com outros \u00f3rg\u00e3os.<\/p>\n\n\n\n<p>O Sistema Sindical PRF tem mobilizado parlamentares, imprensa e sociedade para discutir os impactos da decis\u00e3o. O tema j\u00e1 ganhou destaque na m\u00eddia nacional, e a press\u00e3o por uma revis\u00e3o da medida cresce nos bastidores pol\u00edticos.<\/p>\n","protected":false},"excerpt":{"rendered":"<p>A decis\u00e3o do Minist\u00e9rio da Justi\u00e7a de suspender as opera\u00e7\u00f5es conjuntas da Pol\u00edcia Rodovi\u00e1ria Federal (PRF) com \u00f3rg\u00e3os como os Minist\u00e9rios P\u00fablicos Estaduais e as For\u00e7as Integradas de Combate ao Crime Organizado (Ficcos), gerou forte rea\u00e7\u00e3o no meio pol\u00edtico e sindical. A medida foi formalizada pelo Of\u00edcio-Circular n\u00ba 3\/2025\/DG, com base na Portaria n\u00ba 830\/2024 [&hellip;]<\/p>\n","protected":false},"author":3,"featured_media":19300,"comment_status":"closed","ping_status":"closed","sticky":false,"template":"","format":"standard","meta":{"footnotes":""},"categories":[1],"tags":[],"class_list":["post-19299","post","type-post","status-publish","format-standard","has-post-thumbnail","hentry","category-noticias-gerais"],"_links":{"self":[{"href":"https:\/\/sinprfsp.org.br\/index.php\/wp-json\/wp\/v2\/posts\/19299","targetHints":{"allow":["GET"]}}],"collection":[{"href":"https:\/\/sinprfsp.org.br\/index.php\/wp-json\/wp\/v2\/posts"}],"about":[{"href":"https:\/\/sinprfsp.org.br\/index.php\/wp-json\/wp\/v2\/types\/post"}],"author":[{"embeddable":true,"href":"https:\/\/sinprfsp.org.br\/index.php\/wp-json\/wp\/v2\/users\/3"}],"replies":[{"embeddable":true,"href":"https:\/\/sinprfsp.org.br\/index.php\/wp-json\/wp\/v2\/comments?post=19299"}],"version-history":[{"count":1,"href":"https:\/\/sinprfsp.org.br\/index.php\/wp-json\/wp\/v2\/posts\/19299\/revisions"}],"predecessor-version":[{"id":19301,"href":"https:\/\/sinprfsp.org.br\/index.php\/wp-json\/wp\/v2\/posts\/19299\/revisions\/19301"}],"wp:featuredmedia":[{"embeddable":true,"href":"https:\/\/sinprfsp.org.br\/index.php\/wp-json\/wp\/v2\/media\/19300"}],"wp:attachment":[{"href":"https:\/\/sinprfsp.org.br\/index.php\/wp-json\/wp\/v2\/media?parent=19299"}],"wp:term":[{"taxonomy":"category","embeddable":true,"href":"https:\/\/sinprfsp.org.br\/index.php\/wp-json\/wp\/v2\/categories?post=19299"},{"taxonomy":"post_tag","embeddable":true,"href":"https:\/\/sinprfsp.org.br\/index.php\/wp-json\/wp\/v2\/tags?post=19299"}],"curies":[{"name":"wp","href":"https:\/\/api.w.org\/{rel}","templated":true}]}}