{"id":19335,"date":"2025-04-28T14:23:31","date_gmt":"2025-04-28T17:23:31","guid":{"rendered":"https:\/\/sinprfsp.org.br\/?p=19335"},"modified":"2025-04-28T14:23:32","modified_gmt":"2025-04-28T17:23:32","slug":"sinprf-sp-e-sinaceg-discutem-parcerias-e-legislacao-em-reuniao","status":"publish","type":"post","link":"https:\/\/sinprfsp.org.br\/index.php\/2025\/04\/28\/sinprf-sp-e-sinaceg-discutem-parcerias-e-legislacao-em-reuniao\/","title":{"rendered":"SINPRF-SP e Sinaceg discutem parcerias e legisla\u00e7\u00e3o em reuni\u00e3o"},"content":{"rendered":"\n<p>O Sindicato dos Policiais Rodovi\u00e1rios Federais de S\u00e3o Paulo (SINPRF-SP), representado pelo presidente Ot\u00e1vio Oliveira e pelo diretor Paulo Cunha, se reuniu nesta quinta-feira, 24 de abril, com o diretor do Sindicato Nacional dos Cegonheiros (Sinaceg), M\u00e1rcio Galdino da Silva.<\/p>\n\n\n\n<p>Durante o encontro, al\u00e9m da discuss\u00e3o sobre a carga hor\u00e1ria dos motoristas, foi firmada uma parceria entre as institui\u00e7\u00f5es com foco no aprimoramento da legisla\u00e7\u00e3o relacionada ao transporte e \u00e0 seguran\u00e7a vi\u00e1ria. O objetivo \u00e9 somar for\u00e7as para propor mudan\u00e7as que beneficiem tanto os trabalhadores quanto a sociedade, por meio de estudos t\u00e9cnicos e articula\u00e7\u00e3o conjunta.<\/p>\n\n\n\n<p>\u201cEstabelecemos um canal direto de coopera\u00e7\u00e3o. Sempre que houver necessidade de revisar ou propor mudan\u00e7as na legisla\u00e7\u00e3o, tanto na \u00e1rea de tr\u00e2nsito quanto no transporte, vamos atuar juntos, somando esfor\u00e7os e articula\u00e7\u00f5es em Bras\u00edlia para defender melhorias concretas\u201d, afirmou Ot\u00e1vio Oliveira.<\/p>\n\n\n\n<p>A reuni\u00e3o refor\u00e7a o compromisso do SINPRF-SP com o di\u00e1logo institucional e a constru\u00e7\u00e3o de solu\u00e7\u00f5es integradas.<\/p>\n","protected":false},"excerpt":{"rendered":"<p>O Sindicato dos Policiais Rodovi\u00e1rios Federais de S\u00e3o Paulo (SINPRF-SP), representado pelo presidente Ot\u00e1vio Oliveira e pelo diretor Paulo Cunha, se reuniu nesta quinta-feira, 24 de abril, com o diretor do Sindicato Nacional dos Cegonheiros (Sinaceg), M\u00e1rcio Galdino da Silva. Durante o encontro, al\u00e9m da discuss\u00e3o sobre a carga hor\u00e1ria dos motoristas, foi firmada uma [&hellip;]<\/p>\n","protected":false},"author":3,"featured_media":19336,"comment_status":"closed","ping_status":"closed","sticky":false,"template":"","format":"standard","meta":{"footnotes":""},"categories":[1],"tags":[],"class_list":["post-19335","post","type-post","status-publish","format-standard","has-post-thumbnail","hentry","category-noticias-gerais"],"_links":{"self":[{"href":"https:\/\/sinprfsp.org.br\/index.php\/wp-json\/wp\/v2\/posts\/19335","targetHints":{"allow":["GET"]}}],"collection":[{"href":"https:\/\/sinprfsp.org.br\/index.php\/wp-json\/wp\/v2\/posts"}],"about":[{"href":"https:\/\/sinprfsp.org.br\/index.php\/wp-json\/wp\/v2\/types\/post"}],"author":[{"embeddable":true,"href":"https:\/\/sinprfsp.org.br\/index.php\/wp-json\/wp\/v2\/users\/3"}],"replies":[{"embeddable":true,"href":"https:\/\/sinprfsp.org.br\/index.php\/wp-json\/wp\/v2\/comments?post=19335"}],"version-history":[{"count":1,"href":"https:\/\/sinprfsp.org.br\/index.php\/wp-json\/wp\/v2\/posts\/19335\/revisions"}],"predecessor-version":[{"id":19337,"href":"https:\/\/sinprfsp.org.br\/index.php\/wp-json\/wp\/v2\/posts\/19335\/revisions\/19337"}],"wp:featuredmedia":[{"embeddable":true,"href":"https:\/\/sinprfsp.org.br\/index.php\/wp-json\/wp\/v2\/media\/19336"}],"wp:attachment":[{"href":"https:\/\/sinprfsp.org.br\/index.php\/wp-json\/wp\/v2\/media?parent=19335"}],"wp:term":[{"taxonomy":"category","embeddable":true,"href":"https:\/\/sinprfsp.org.br\/index.php\/wp-json\/wp\/v2\/categories?post=19335"},{"taxonomy":"post_tag","embeddable":true,"href":"https:\/\/sinprfsp.org.br\/index.php\/wp-json\/wp\/v2\/tags?post=19335"}],"curies":[{"name":"wp","href":"https:\/\/api.w.org\/{rel}","templated":true}]}}