{"id":19338,"date":"2025-04-28T14:28:12","date_gmt":"2025-04-28T17:28:12","guid":{"rendered":"https:\/\/sinprfsp.org.br\/?p=19338"},"modified":"2025-04-28T14:28:13","modified_gmt":"2025-04-28T17:28:13","slug":"prioridades-relacionadas-a-pec-da-seguranca-publica","status":"publish","type":"post","link":"https:\/\/sinprfsp.org.br\/index.php\/2025\/04\/28\/prioridades-relacionadas-a-pec-da-seguranca-publica\/","title":{"rendered":"Prioridades relacionadas \u00e0 PEC da Seguran\u00e7a P\u00fablica"},"content":{"rendered":"\n<p>Em nota t\u00e9cnica divulgada pelo Sistema Sindical PRF, representado pela Federa\u00e7\u00e3o Nacional dos Policiais Rodovi\u00e1rios Federais (FenaPRF), foram analisados os principais pontos da Proposta de Emenda \u00e0 Constitui\u00e7\u00e3o (PEC) da Seguran\u00e7a P\u00fablica que impactam diretamente a seguran\u00e7a jur\u00eddica e a atua\u00e7\u00e3o dos Policiais Rodovi\u00e1rios Federais. O documento apresenta os temas a serem discutidos no Congresso Nacional, com o objetivo de orientar o debate e mobilizar apoio parlamentar.<\/p>\n\n\n\n<p>Para o Sindicato dos Policiais Rodovi\u00e1rios Federais do Estado de S\u00e3o Paulo (SINPRF-SP), o ponto mais sens\u00edvel da PEC \u00e9 o par\u00e1grafo 2\u00ba do texto, que limita de forma anacr\u00f4nica a atua\u00e7\u00e3o da PRF, ao restringir a atividade policial exclusivamente \u00e0s pol\u00edcias judici\u00e1rias. Essa reda\u00e7\u00e3o representa um retrocesso e compromete o papel constitucional da PRF no enfrentamento ao crime.<\/p>\n\n\n\n<p>O segundo ponto de destaque \u00e9 a manuten\u00e7\u00e3o do termo \u201cpoliciamento\u201d entre as atribui\u00e7\u00f5es da PRF, e n\u00e3o apenas o \u201cpatrulhamento\u201d. A diferen\u00e7a entre os dois conceitos \u00e9 considerada fundamental, pois o policiamento compreende uma atua\u00e7\u00e3o mais ampla e estrat\u00e9gica na seguran\u00e7a p\u00fablica, enquanto o patrulhamento tem car\u00e1ter mais restrito e superficial.<\/p>\n\n\n\n<p>Por fim, o terceiro ponto aborda a tentativa de altera\u00e7\u00e3o do nome da institui\u00e7\u00e3o na PEC. Essa proposta que partiu do pr\u00f3prio governo federal, j\u00e1 \u00e9 considerada um equ\u00edvoco, inclusive dentro da administra\u00e7\u00e3o. A mudan\u00e7a implicaria altos custos com uniformes, viaturas e materiais, al\u00e9m de desconsiderar a hist\u00f3ria e a identidade institucional da PRF. O tema, portanto, deixou de ser prioridade e deve ser tratado pelo pr\u00f3prio governo, que reconheceu o erro.<\/p>\n\n\n\n<p>Ainda sobre a mudan\u00e7a do nome, o Ministro da Justi\u00e7a, Ricardo Lewandowski, est\u00e1 autorizando o Diretor-Geral da PRF, Antonio Fernando Oliveira, a buscar desfazer o erro [<strong>do pr\u00f3prio Minist\u00e9rio da Justi\u00e7a<\/strong>] junto ao Congresso.<\/p>\n\n\n\n<p>Confira a \u00edntegra da nota t\u00e9cnica da FenaPRF: <a href=\"https:\/\/sinprfsp.org.br\/wp-content\/uploads\/2025\/04\/Nota_Tecnica_FENAPRF_01_2025_PEC_da_Seguranca_Publ_250409_115052.pdf\">Aqui<\/a><\/p>\n\n\n\n<p><\/p>\n","protected":false},"excerpt":{"rendered":"<p>Em nota t\u00e9cnica divulgada pelo Sistema Sindical PRF, representado pela Federa\u00e7\u00e3o Nacional dos Policiais Rodovi\u00e1rios Federais (FenaPRF), foram analisados os principais pontos da Proposta de Emenda \u00e0 Constitui\u00e7\u00e3o (PEC) da Seguran\u00e7a P\u00fablica que impactam diretamente a seguran\u00e7a jur\u00eddica e a atua\u00e7\u00e3o dos Policiais Rodovi\u00e1rios Federais. O documento apresenta os temas a serem discutidos no Congresso [&hellip;]<\/p>\n","protected":false},"author":3,"featured_media":19341,"comment_status":"closed","ping_status":"closed","sticky":false,"template":"","format":"standard","meta":{"footnotes":""},"categories":[41,1],"tags":[],"class_list":["post-19338","post","type-post","status-publish","format-standard","has-post-thumbnail","hentry","category-noticias-em-destaque","category-noticias-gerais"],"_links":{"self":[{"href":"https:\/\/sinprfsp.org.br\/index.php\/wp-json\/wp\/v2\/posts\/19338","targetHints":{"allow":["GET"]}}],"collection":[{"href":"https:\/\/sinprfsp.org.br\/index.php\/wp-json\/wp\/v2\/posts"}],"about":[{"href":"https:\/\/sinprfsp.org.br\/index.php\/wp-json\/wp\/v2\/types\/post"}],"author":[{"embeddable":true,"href":"https:\/\/sinprfsp.org.br\/index.php\/wp-json\/wp\/v2\/users\/3"}],"replies":[{"embeddable":true,"href":"https:\/\/sinprfsp.org.br\/index.php\/wp-json\/wp\/v2\/comments?post=19338"}],"version-history":[{"count":2,"href":"https:\/\/sinprfsp.org.br\/index.php\/wp-json\/wp\/v2\/posts\/19338\/revisions"}],"predecessor-version":[{"id":19342,"href":"https:\/\/sinprfsp.org.br\/index.php\/wp-json\/wp\/v2\/posts\/19338\/revisions\/19342"}],"wp:featuredmedia":[{"embeddable":true,"href":"https:\/\/sinprfsp.org.br\/index.php\/wp-json\/wp\/v2\/media\/19341"}],"wp:attachment":[{"href":"https:\/\/sinprfsp.org.br\/index.php\/wp-json\/wp\/v2\/media?parent=19338"}],"wp:term":[{"taxonomy":"category","embeddable":true,"href":"https:\/\/sinprfsp.org.br\/index.php\/wp-json\/wp\/v2\/categories?post=19338"},{"taxonomy":"post_tag","embeddable":true,"href":"https:\/\/sinprfsp.org.br\/index.php\/wp-json\/wp\/v2\/tags?post=19338"}],"curies":[{"name":"wp","href":"https:\/\/api.w.org\/{rel}","templated":true}]}}