{"id":19346,"date":"2025-04-29T17:21:50","date_gmt":"2025-04-29T20:21:50","guid":{"rendered":"https:\/\/sinprfsp.org.br\/?p=19346"},"modified":"2025-04-29T17:21:52","modified_gmt":"2025-04-29T20:21:52","slug":"sinprf-sp-homenageia-prfs-aposentados","status":"publish","type":"post","link":"https:\/\/sinprfsp.org.br\/index.php\/2025\/04\/29\/sinprf-sp-homenageia-prfs-aposentados\/","title":{"rendered":"SINPRF-SP homenageia PRFs aposentados"},"content":{"rendered":"\n<p>Nesta segunda-feira, 28 de abril, o Sindicato dos Policiais Rodovi\u00e1rios Federais no Estado de S\u00e3o Paulo (SINPRF-SP) realizou uma cerim\u00f4nia para homenagear os Policiais Rodovi\u00e1rios Federais rec\u00e9m-aposentados F\u00e1bio Lu\u00eds de Almeida e Ricardo Peixoto, que encerram suas carreiras dedicadas \u00e0 seguran\u00e7a p\u00fablica.<\/p>\n\n\n\n<p>Durante o evento, tamb\u00e9m foi homenageado o PRF aposentado M\u00e1rcio Pontes, reconhecido por sua trajet\u00f3ria de servi\u00e7os prestados \u00e0 PRF e \u00e0 sociedade.<\/p>\n\n\n\n<p>Em momento distinto, o PRF aposentado Serginho, representando o sindicato, realizou a entrega das homenagens aos PRFs aposentados Wagner Flausino e Ricardo Nascimento.<\/p>\n\n\n\n<p>Em reconhecimento aos anos de servi\u00e7o prestados \u00e0 sociedade, cada um dos homenageados recebeu uma medalha comemorativa. Um momento de destaque foi a entrega da medalha a F\u00e1bio Lu\u00eds de Almeida. A honraria, criada durante sua gest\u00e3o como presidente do SINPRF-SP, simboliza o reconhecimento institucional ao m\u00e9rito e \u00e0 trajet\u00f3ria dos policiais. Desta vez, a pr\u00f3pria medalha que idealizou voltou-se para ele, fechando um ciclo de dedica\u00e7\u00e3o e lideran\u00e7a.<\/p>\n\n\n\n<p>O SINPRF-SP agradece publicamente a contribui\u00e7\u00e3o de cada policial e deseja uma nova etapa repleta de realiza\u00e7\u00f5es pessoais e familiares.<\/p>\n\n\n\n<figure class=\"wp-block-gallery columns-3 is-cropped wp-block-gallery-1 is-layout-flex wp-block-gallery-is-layout-flex\"><ul class=\"blocks-gallery-grid\"><li class=\"blocks-gallery-item\"><figure><img fetchpriority=\"high\" decoding=\"async\" width=\"1024\" height=\"878\" src=\"https:\/\/sinprfsp.org.br\/wp-content\/uploads\/2025\/04\/Homenagem-Fabio-e-Peixoto_aposentadoria_03_ok-1024x878.jpg\" alt=\"\" data-id=\"19347\" data-link=\"https:\/\/sinprfsp.org.br\/?attachment_id=19347\" class=\"wp-image-19347\" srcset=\"https:\/\/sinprfsp.org.br\/wp-content\/uploads\/2025\/04\/Homenagem-Fabio-e-Peixoto_aposentadoria_03_ok-1024x878.jpg 1024w, https:\/\/sinprfsp.org.br\/wp-content\/uploads\/2025\/04\/Homenagem-Fabio-e-Peixoto_aposentadoria_03_ok-768x658.jpg 768w, https:\/\/sinprfsp.org.br\/wp-content\/uploads\/2025\/04\/Homenagem-Fabio-e-Peixoto_aposentadoria_03_ok.jpg 1204w\" sizes=\"(max-width: 1024px) 100vw, 1024px\" \/><\/figure><\/li><li class=\"blocks-gallery-item\"><figure><img decoding=\"async\" width=\"524\" height=\"1024\" src=\"https:\/\/sinprfsp.org.br\/wp-content\/uploads\/2025\/04\/Homenagem-Fabio-e-Peixoto_aposentadoria_04_ok-524x1024.jpg\" alt=\"\" data-id=\"19348\" data-link=\"https:\/\/sinprfsp.org.br\/?attachment_id=19348\" class=\"wp-image-19348\" srcset=\"https:\/\/sinprfsp.org.br\/wp-content\/uploads\/2025\/04\/Homenagem-Fabio-e-Peixoto_aposentadoria_04_ok-524x1024.jpg 524w, https:\/\/sinprfsp.org.br\/wp-content\/uploads\/2025\/04\/Homenagem-Fabio-e-Peixoto_aposentadoria_04_ok.jpg 719w\" sizes=\"(max-width: 524px) 100vw, 524px\" \/><\/figure><\/li><li class=\"blocks-gallery-item\"><figure><img decoding=\"async\" width=\"511\" height=\"1024\" src=\"https:\/\/sinprfsp.org.br\/wp-content\/uploads\/2025\/04\/Homenagem-Fabio-e-Peixoto_aposentadoria_05_ok-511x1024.jpg\" alt=\"\" data-id=\"19349\" data-link=\"https:\/\/sinprfsp.org.br\/?attachment_id=19349\" class=\"wp-image-19349\" srcset=\"https:\/\/sinprfsp.org.br\/wp-content\/uploads\/2025\/04\/Homenagem-Fabio-e-Peixoto_aposentadoria_05_ok-511x1024.jpg 511w, https:\/\/sinprfsp.org.br\/wp-content\/uploads\/2025\/04\/Homenagem-Fabio-e-Peixoto_aposentadoria_05_ok.jpg 719w\" sizes=\"(max-width: 511px) 100vw, 511px\" \/><\/figure><\/li><li class=\"blocks-gallery-item\"><figure><img loading=\"lazy\" decoding=\"async\" width=\"1024\" height=\"594\" src=\"https:\/\/sinprfsp.org.br\/wp-content\/uploads\/2025\/04\/Homenagem-Fabio-e-Peixoto_aposentadoria_02_ok-1024x594.jpg\" alt=\"\" data-id=\"19351\" data-full-url=\"https:\/\/sinprfsp.org.br\/wp-content\/uploads\/2025\/04\/Homenagem-Fabio-e-Peixoto_aposentadoria_02_ok.jpg\" data-link=\"https:\/\/sinprfsp.org.br\/?attachment_id=19351\" class=\"wp-image-19351\" srcset=\"https:\/\/sinprfsp.org.br\/wp-content\/uploads\/2025\/04\/Homenagem-Fabio-e-Peixoto_aposentadoria_02_ok-1024x594.jpg 1024w, https:\/\/sinprfsp.org.br\/wp-content\/uploads\/2025\/04\/Homenagem-Fabio-e-Peixoto_aposentadoria_02_ok-768x445.jpg 768w, https:\/\/sinprfsp.org.br\/wp-content\/uploads\/2025\/04\/Homenagem-Fabio-e-Peixoto_aposentadoria_02_ok.jpg 1600w\" sizes=\"(max-width: 1024px) 100vw, 1024px\" \/><\/figure><\/li><li class=\"blocks-gallery-item\"><figure><img loading=\"lazy\" decoding=\"async\" width=\"671\" height=\"1024\" src=\"https:\/\/sinprfsp.org.br\/wp-content\/uploads\/2025\/04\/Homenagem-Fabio-e-Peixoto_aposentadoria_06_ok-1-671x1024.jpg\" alt=\"\" data-id=\"19352\" data-full-url=\"https:\/\/sinprfsp.org.br\/wp-content\/uploads\/2025\/04\/Homenagem-Fabio-e-Peixoto_aposentadoria_06_ok-1.jpg\" data-link=\"https:\/\/sinprfsp.org.br\/?attachment_id=19352\" class=\"wp-image-19352\" srcset=\"https:\/\/sinprfsp.org.br\/wp-content\/uploads\/2025\/04\/Homenagem-Fabio-e-Peixoto_aposentadoria_06_ok-1-671x1024.jpg 671w, https:\/\/sinprfsp.org.br\/wp-content\/uploads\/2025\/04\/Homenagem-Fabio-e-Peixoto_aposentadoria_06_ok-1-768x1171.jpg 768w, https:\/\/sinprfsp.org.br\/wp-content\/uploads\/2025\/04\/Homenagem-Fabio-e-Peixoto_aposentadoria_06_ok-1.jpg 899w\" sizes=\"(max-width: 671px) 100vw, 671px\" \/><\/figure><\/li><\/ul><\/figure>\n","protected":false},"excerpt":{"rendered":"<p>Nesta segunda-feira, 28 de abril, o Sindicato dos Policiais Rodovi\u00e1rios Federais no Estado de S\u00e3o Paulo (SINPRF-SP) realizou uma cerim\u00f4nia para homenagear os Policiais Rodovi\u00e1rios Federais rec\u00e9m-aposentados F\u00e1bio Lu\u00eds de Almeida e Ricardo Peixoto, que encerram suas carreiras dedicadas \u00e0 seguran\u00e7a p\u00fablica. Durante o evento, tamb\u00e9m foi homenageado o PRF aposentado M\u00e1rcio Pontes, reconhecido por [&hellip;]<\/p>\n","protected":false},"author":3,"featured_media":19353,"comment_status":"closed","ping_status":"closed","sticky":false,"template":"","format":"standard","meta":{"footnotes":""},"categories":[41],"tags":[],"class_list":["post-19346","post","type-post","status-publish","format-standard","has-post-thumbnail","hentry","category-noticias-em-destaque"],"_links":{"self":[{"href":"https:\/\/sinprfsp.org.br\/index.php\/wp-json\/wp\/v2\/posts\/19346","targetHints":{"allow":["GET"]}}],"collection":[{"href":"https:\/\/sinprfsp.org.br\/index.php\/wp-json\/wp\/v2\/posts"}],"about":[{"href":"https:\/\/sinprfsp.org.br\/index.php\/wp-json\/wp\/v2\/types\/post"}],"author":[{"embeddable":true,"href":"https:\/\/sinprfsp.org.br\/index.php\/wp-json\/wp\/v2\/users\/3"}],"replies":[{"embeddable":true,"href":"https:\/\/sinprfsp.org.br\/index.php\/wp-json\/wp\/v2\/comments?post=19346"}],"version-history":[{"count":1,"href":"https:\/\/sinprfsp.org.br\/index.php\/wp-json\/wp\/v2\/posts\/19346\/revisions"}],"predecessor-version":[{"id":19354,"href":"https:\/\/sinprfsp.org.br\/index.php\/wp-json\/wp\/v2\/posts\/19346\/revisions\/19354"}],"wp:featuredmedia":[{"embeddable":true,"href":"https:\/\/sinprfsp.org.br\/index.php\/wp-json\/wp\/v2\/media\/19353"}],"wp:attachment":[{"href":"https:\/\/sinprfsp.org.br\/index.php\/wp-json\/wp\/v2\/media?parent=19346"}],"wp:term":[{"taxonomy":"category","embeddable":true,"href":"https:\/\/sinprfsp.org.br\/index.php\/wp-json\/wp\/v2\/categories?post=19346"},{"taxonomy":"post_tag","embeddable":true,"href":"https:\/\/sinprfsp.org.br\/index.php\/wp-json\/wp\/v2\/tags?post=19346"}],"curies":[{"name":"wp","href":"https:\/\/api.w.org\/{rel}","templated":true}]}}