{"id":19374,"date":"2025-05-15T16:16:37","date_gmt":"2025-05-15T19:16:37","guid":{"rendered":"https:\/\/sinprfsp.org.br\/?p=19374"},"modified":"2025-07-15T18:00:55","modified_gmt":"2025-07-15T21:00:55","slug":"uma-noite-para-celebrar-a-historia-da-prf","status":"publish","type":"post","link":"https:\/\/sinprfsp.org.br\/index.php\/2025\/05\/15\/uma-noite-para-celebrar-a-historia-da-prf\/","title":{"rendered":"Uma Noite para Celebrar a Hist\u00f3ria da PRF!"},"content":{"rendered":"\n<p>Prepare-se para uma festa inesquec\u00edvel! Vamos comemorar em grande estilo os <strong>97 anos da PRF<\/strong>, o <strong>Dia do Policial Rodovi\u00e1rio Federal<\/strong>, os <strong>50 anos da Turma de 1975<\/strong> e os <strong>20 anos da Turma de 2005<\/strong>. S\u00e3o muitos motivos para celebrarmos juntos essa trajet\u00f3ria de honra e dedica\u00e7\u00e3o!<\/p>\n\n\n\n<p>\ud83d\udcc5 <strong>Data:<\/strong> 26 de julho (S\u00e1bado)<br>\u23f0 <strong>Hor\u00e1rio:<\/strong> Das 19 \u00e0s 02h<br>\ud83d\udccd <strong>Local:<\/strong> <em>Bonanza Rural Center<\/em> \u2013 Estrada S\u00e3o Benedito do Fogio, 1551, Jacare\u00ed<\/p>\n\n\n\n<p><strong>Ingressos:<\/strong><\/p>\n\n\n\n<ul class=\"wp-block-list\"><li><strong>PRF Sindicalizado + 01 acompanhante:<\/strong> <strong>Entrada gratuita<\/strong><\/li><li><strong>Demais acompanhantes:<\/strong> R$ 200<\/li><\/ul>\n\n\n\n<p><strong>Jantar Dan\u00e7ante<\/strong> ao som contagiante da <strong>Banda Kremlin<\/strong>, trazendo os cl\u00e1ssicos que v\u00e3o embalar a pista at\u00e9 o amanhecer!<\/p>\n\n\n\n<p><strong>Traje:<\/strong> Esporte fino<\/p>\n\n\n\n<p><strong>Informa\u00e7\u00f5es e reservas:<\/strong> WhatsApp: <strong>(11) 96436-5500<\/strong><br><strong>Pix para pagamento:<\/strong> <em>CNPJ: 68.317.338\/0001-05<\/em><\/p>\n\n\n\n<p><strong>Data limite para reservas:<\/strong> <strong>18 de julho de 2025<\/strong><\/p>\n\n\n\n<p><strong>Crian\u00e7as at\u00e9 10 anos n\u00e3o pagam ingresso.<\/strong><\/p>\n\n\n\n<p>\u2728 Venha viver essa noite de celebra\u00e7\u00e3o, reencontros e homenagens!<\/p>\n\n\n\n<p>Reserve seu lugar e fa\u00e7a parte dessa hist\u00f3ria!<\/p>\n","protected":false},"excerpt":{"rendered":"<p>Prepare-se para uma festa inesquec\u00edvel! Vamos comemorar em grande estilo os 97 anos da PRF, o Dia do Policial Rodovi\u00e1rio Federal, os 50 anos da Turma de 1975 e os 20 anos da Turma de 2005. S\u00e3o muitos motivos para celebrarmos juntos essa trajet\u00f3ria de honra e dedica\u00e7\u00e3o! \ud83d\udcc5 Data: 26 de julho (S\u00e1bado)\u23f0 Hor\u00e1rio: [&hellip;]<\/p>\n","protected":false},"author":3,"featured_media":19375,"comment_status":"closed","ping_status":"closed","sticky":false,"template":"","format":"standard","meta":{"footnotes":""},"categories":[41],"tags":[],"class_list":["post-19374","post","type-post","status-publish","format-standard","has-post-thumbnail","hentry","category-noticias-em-destaque"],"_links":{"self":[{"href":"https:\/\/sinprfsp.org.br\/index.php\/wp-json\/wp\/v2\/posts\/19374","targetHints":{"allow":["GET"]}}],"collection":[{"href":"https:\/\/sinprfsp.org.br\/index.php\/wp-json\/wp\/v2\/posts"}],"about":[{"href":"https:\/\/sinprfsp.org.br\/index.php\/wp-json\/wp\/v2\/types\/post"}],"author":[{"embeddable":true,"href":"https:\/\/sinprfsp.org.br\/index.php\/wp-json\/wp\/v2\/users\/3"}],"replies":[{"embeddable":true,"href":"https:\/\/sinprfsp.org.br\/index.php\/wp-json\/wp\/v2\/comments?post=19374"}],"version-history":[{"count":2,"href":"https:\/\/sinprfsp.org.br\/index.php\/wp-json\/wp\/v2\/posts\/19374\/revisions"}],"predecessor-version":[{"id":19481,"href":"https:\/\/sinprfsp.org.br\/index.php\/wp-json\/wp\/v2\/posts\/19374\/revisions\/19481"}],"wp:featuredmedia":[{"embeddable":true,"href":"https:\/\/sinprfsp.org.br\/index.php\/wp-json\/wp\/v2\/media\/19375"}],"wp:attachment":[{"href":"https:\/\/sinprfsp.org.br\/index.php\/wp-json\/wp\/v2\/media?parent=19374"}],"wp:term":[{"taxonomy":"category","embeddable":true,"href":"https:\/\/sinprfsp.org.br\/index.php\/wp-json\/wp\/v2\/categories?post=19374"},{"taxonomy":"post_tag","embeddable":true,"href":"https:\/\/sinprfsp.org.br\/index.php\/wp-json\/wp\/v2\/tags?post=19374"}],"curies":[{"name":"wp","href":"https:\/\/api.w.org\/{rel}","templated":true}]}}