{"id":19378,"date":"2025-05-15T16:42:19","date_gmt":"2025-05-15T19:42:19","guid":{"rendered":"https:\/\/sinprfsp.org.br\/?p=19378"},"modified":"2025-05-26T09:44:54","modified_gmt":"2025-05-26T12:44:54","slug":"edital-de-convocacao-assembleia-geral-ordinaria-2","status":"publish","type":"post","link":"https:\/\/sinprfsp.org.br\/index.php\/2025\/05\/15\/edital-de-convocacao-assembleia-geral-ordinaria-2\/","title":{"rendered":"Edital de Convoca\u00e7\u00e3o &#8211; Assembleia Geral Ordin\u00e1ria"},"content":{"rendered":"\n<p>O presidente do Sindicato dos Policiais Rodovi\u00e1rios Federais no Estado de S\u00e3o Paulo (SINPRF-SP), Ot\u00e1vio Oliveira, no desempenho de suas atribui\u00e7\u00f5es estatut\u00e1rias, convoca todos os sindicalizados para Assembleia Geral Ordin\u00e1ria a ser realizada em <strong>03 de junho de 2025<\/strong>, no <strong>audit\u00f3rio do 1\u00ba andar da sede da Superintend\u00eancia da PRF em S\u00e3o Paulo<\/strong>, localizada na Rua Deputado Vicente Penido, 255, Vila Guilherme, na cidade de S\u00e3o Paulo, <strong>\u00e0s 10h30<\/strong>, para apreciarem e deliberarem sobre as seguintes pautas:<\/p>\n\n\n\n<p><strong>1\u00ba &#8211; Presta\u00e7\u00e3o de contas do ano de 2024, pela Diretoria Executiva;<\/strong><\/p>\n\n\n\n<p>2<strong>\u00ba &#8211; Deliberar sobre a previs\u00e3o or\u00e7ament\u00e1ria para 2025.<\/strong><\/p>\n\n\n\n<p>Confira o edital de convoca\u00e7\u00e3o: <a href=\"https:\/\/sinprfsp.org.br\/wp-content\/uploads\/2025\/05\/AGO_junho25.jpg\" data-type=\"URL\" data-id=\"https:\/\/sinprfsp.org.br\/wp-content\/uploads\/2025\/05\/AGO_junho25.jpg\">Aqui<\/a><\/p>\n","protected":false},"excerpt":{"rendered":"<p>O presidente do Sindicato dos Policiais Rodovi\u00e1rios Federais no Estado de S\u00e3o Paulo (SINPRF-SP), Ot\u00e1vio Oliveira, no desempenho de suas atribui\u00e7\u00f5es estatut\u00e1rias, convoca todos os sindicalizados para Assembleia Geral Ordin\u00e1ria a ser realizada em 03 de junho de 2025, no audit\u00f3rio do 1\u00ba andar da sede da Superintend\u00eancia da PRF em S\u00e3o Paulo, localizada na [&hellip;]<\/p>\n","protected":false},"author":3,"featured_media":19379,"comment_status":"closed","ping_status":"closed","sticky":false,"template":"","format":"standard","meta":{"footnotes":""},"categories":[41],"tags":[],"class_list":["post-19378","post","type-post","status-publish","format-standard","has-post-thumbnail","hentry","category-noticias-em-destaque"],"_links":{"self":[{"href":"https:\/\/sinprfsp.org.br\/index.php\/wp-json\/wp\/v2\/posts\/19378","targetHints":{"allow":["GET"]}}],"collection":[{"href":"https:\/\/sinprfsp.org.br\/index.php\/wp-json\/wp\/v2\/posts"}],"about":[{"href":"https:\/\/sinprfsp.org.br\/index.php\/wp-json\/wp\/v2\/types\/post"}],"author":[{"embeddable":true,"href":"https:\/\/sinprfsp.org.br\/index.php\/wp-json\/wp\/v2\/users\/3"}],"replies":[{"embeddable":true,"href":"https:\/\/sinprfsp.org.br\/index.php\/wp-json\/wp\/v2\/comments?post=19378"}],"version-history":[{"count":2,"href":"https:\/\/sinprfsp.org.br\/index.php\/wp-json\/wp\/v2\/posts\/19378\/revisions"}],"predecessor-version":[{"id":19405,"href":"https:\/\/sinprfsp.org.br\/index.php\/wp-json\/wp\/v2\/posts\/19378\/revisions\/19405"}],"wp:featuredmedia":[{"embeddable":true,"href":"https:\/\/sinprfsp.org.br\/index.php\/wp-json\/wp\/v2\/media\/19379"}],"wp:attachment":[{"href":"https:\/\/sinprfsp.org.br\/index.php\/wp-json\/wp\/v2\/media?parent=19378"}],"wp:term":[{"taxonomy":"category","embeddable":true,"href":"https:\/\/sinprfsp.org.br\/index.php\/wp-json\/wp\/v2\/categories?post=19378"},{"taxonomy":"post_tag","embeddable":true,"href":"https:\/\/sinprfsp.org.br\/index.php\/wp-json\/wp\/v2\/tags?post=19378"}],"curies":[{"name":"wp","href":"https:\/\/api.w.org\/{rel}","templated":true}]}}