{"id":19392,"date":"2025-05-22T17:27:20","date_gmt":"2025-05-22T20:27:20","guid":{"rendered":"https:\/\/sinprfsp.org.br\/?p=19392"},"modified":"2025-05-22T17:27:21","modified_gmt":"2025-05-22T20:27:21","slug":"sinprf-sp-articula-apoio-a-pec-da-seguranca-publica-em-brasilia","status":"publish","type":"post","link":"https:\/\/sinprfsp.org.br\/index.php\/2025\/05\/22\/sinprf-sp-articula-apoio-a-pec-da-seguranca-publica-em-brasilia\/","title":{"rendered":"SINPRF-SP articula apoio \u00e0 PEC da Seguran\u00e7a P\u00fablica em Bras\u00edlia"},"content":{"rendered":"\n<p>O diretor parlamentar do SINPRF-SP, Kleber Gomes de Fran\u00e7a, esteve em Bras\u00edlia representando o sindicato e participou de uma s\u00e9rie de agendas com parlamentares para apresentar as principais demandas da categoria PRF.<\/p>\n\n\n\n<p>Durante a visita, Kleber tamb\u00e9m marcou presen\u00e7a na reuni\u00e3o da Comiss\u00e3o de Seguran\u00e7a P\u00fablica e Combate ao Crime Organizado (CSPCCO), realizada no Plen\u00e1rio 06, Anexo II da C\u00e2mara dos Deputados. O tema central foi a Proposta de Emenda \u00e0 Constitui\u00e7\u00e3o (PEC) 18\/2025, que prop\u00f5e a primeira altera\u00e7\u00e3o no cap\u00edtulo da Seguran\u00e7a P\u00fablica da Constitui\u00e7\u00e3o Federal desde sua promulga\u00e7\u00e3o, em 1988.<\/p>\n\n\n\n<p>Entre os pontos defendidos pelos representantes dos SINPRFs est\u00e1 a retirada do \u00a72\u00ba-B do artigo 144, que atribui exclusividade \u00e0 pol\u00edcia judici\u00e1ria, a substitui\u00e7\u00e3o do termo \u201cpatrulhamento\u201d por \u201cpoliciamento\u201d, e a manuten\u00e7\u00e3o do nome da PRF \u2014 ponto considerado b\u00e1sico, mas necess\u00e1rio de refor\u00e7o.<\/p>\n\n\n\n<p>Segundo a an\u00e1lise de Kleber, a bancada paulista avalia que a PEC deve ser aprovada, mas passar\u00e1 por diversas altera\u00e7\u00f5es no Congresso.<\/p>\n","protected":false},"excerpt":{"rendered":"<p>O diretor parlamentar do SINPRF-SP, Kleber Gomes de Fran\u00e7a, esteve em Bras\u00edlia representando o sindicato e participou de uma s\u00e9rie de agendas com parlamentares para apresentar as principais demandas da categoria PRF. Durante a visita, Kleber tamb\u00e9m marcou presen\u00e7a na reuni\u00e3o da Comiss\u00e3o de Seguran\u00e7a P\u00fablica e Combate ao Crime Organizado (CSPCCO), realizada no Plen\u00e1rio [&hellip;]<\/p>\n","protected":false},"author":3,"featured_media":19393,"comment_status":"closed","ping_status":"closed","sticky":false,"template":"","format":"standard","meta":{"footnotes":""},"categories":[41],"tags":[],"class_list":["post-19392","post","type-post","status-publish","format-standard","has-post-thumbnail","hentry","category-noticias-em-destaque"],"_links":{"self":[{"href":"https:\/\/sinprfsp.org.br\/index.php\/wp-json\/wp\/v2\/posts\/19392","targetHints":{"allow":["GET"]}}],"collection":[{"href":"https:\/\/sinprfsp.org.br\/index.php\/wp-json\/wp\/v2\/posts"}],"about":[{"href":"https:\/\/sinprfsp.org.br\/index.php\/wp-json\/wp\/v2\/types\/post"}],"author":[{"embeddable":true,"href":"https:\/\/sinprfsp.org.br\/index.php\/wp-json\/wp\/v2\/users\/3"}],"replies":[{"embeddable":true,"href":"https:\/\/sinprfsp.org.br\/index.php\/wp-json\/wp\/v2\/comments?post=19392"}],"version-history":[{"count":1,"href":"https:\/\/sinprfsp.org.br\/index.php\/wp-json\/wp\/v2\/posts\/19392\/revisions"}],"predecessor-version":[{"id":19394,"href":"https:\/\/sinprfsp.org.br\/index.php\/wp-json\/wp\/v2\/posts\/19392\/revisions\/19394"}],"wp:featuredmedia":[{"embeddable":true,"href":"https:\/\/sinprfsp.org.br\/index.php\/wp-json\/wp\/v2\/media\/19393"}],"wp:attachment":[{"href":"https:\/\/sinprfsp.org.br\/index.php\/wp-json\/wp\/v2\/media?parent=19392"}],"wp:term":[{"taxonomy":"category","embeddable":true,"href":"https:\/\/sinprfsp.org.br\/index.php\/wp-json\/wp\/v2\/categories?post=19392"},{"taxonomy":"post_tag","embeddable":true,"href":"https:\/\/sinprfsp.org.br\/index.php\/wp-json\/wp\/v2\/tags?post=19392"}],"curies":[{"name":"wp","href":"https:\/\/api.w.org\/{rel}","templated":true}]}}