{"id":19398,"date":"2025-05-22T17:35:51","date_gmt":"2025-05-22T20:35:51","guid":{"rendered":"https:\/\/sinprfsp.org.br\/?p=19398"},"modified":"2025-05-22T17:35:52","modified_gmt":"2025-05-22T20:35:52","slug":"parceria-sesc-sp-nova-oportunidade-de-credenciamento","status":"publish","type":"post","link":"https:\/\/sinprfsp.org.br\/index.php\/2025\/05\/22\/parceria-sesc-sp-nova-oportunidade-de-credenciamento\/","title":{"rendered":"Parceria SESC-SP: nova oportunidade de credenciamento"},"content":{"rendered":"\n<p>Para quem n\u00e3o conseguiu se credenciar no SESC no primeiro per\u00edodo, estamos com uma nova oportunidade para inscri\u00e7\u00e3o at\u00e9 o pr\u00f3ximo dia 12 de junho. Ap\u00f3s essa data, ser\u00e1 necess\u00e1rio um novo per\u00edodo de inscri\u00e7\u00e3o definido pelo SESC.<\/p>\n\n\n\n<p>O SESC-SP \u00e9 reconhecido por seu papel na promo\u00e7\u00e3o da cultura, lazer, arte, esporte e bem-estar social.<\/p>\n\n\n\n<p><strong>Credenciamento e Prazos<\/strong><\/p>\n\n\n\n<p>Os interessados devem se credenciar at\u00e9 o dia 12 de junho atrav\u00e9s do link fornecido pela institui\u00e7\u00e3o. Este prazo garante a efetiva\u00e7\u00e3o no primeiro lote de credenciamentos. Ap\u00f3s esta data, ser\u00e1 necess\u00e1rio aguardar uma nova janela estipulada pelo SESC-SP para se cadastrar.<\/p>\n\n\n\n<p><strong>Quem Pode se Credenciar?<\/strong><\/p>\n\n\n\n<p>Os seguintes grupos t\u00eam direito ao credenciamento:<\/p>\n\n\n\n<p>\u2022\u00a0Sindicalizados<\/p>\n\n\n\n<p>\u2022\u00a0C\u00f4njuges dos sindicalizados<\/p>\n\n\n\n<p>\u2022\u00a0Filhos dos sindicalizados at\u00e9 20 anos<\/p>\n\n\n\n<p><strong>Custos e Planos<\/strong><\/p>\n\n\n\n<p>O credenciamento possui os seguintes custos anuais:<\/p>\n\n\n\n<p>\u2022\u00a0Plano individual: R$ 50,00<\/p>\n\n\n\n<p>\u2022\u00a0Plano familiar: R$ 100,00<\/p>\n\n\n\n<p><strong>Benef\u00edcios e Restri\u00e7\u00f5es<\/strong><\/p>\n\n\n\n<p>Os novos credenciados ter\u00e3o direito a todos os benef\u00edcios oferecidos aos comerci\u00e1rios, com exce\u00e7\u00e3o do atendimento odontol\u00f3gico e da utiliza\u00e7\u00e3o da unidade Bertioga durante os meses de dezembro, janeiro, fevereiro e julho.<\/p>\n\n\n\n<p><strong>Procedimento para Cadastro<\/strong><\/p>\n\n\n\n<p>Para realizar o credenciamento, basta acessar o link a seguir e preencher o formul\u00e1rio: <a href=\"https:\/\/www.jotform.com\/251324991756667\" data-type=\"URL\" data-id=\"https:\/\/www.jotform.com\/251324991756667\">Link para Cadastro<\/a>.<\/p>\n\n\n\n<p>Os dependentes dever\u00e3o ser cadastrados posteriormente, de forma presencial, na unidade Santana, em S\u00e3o Paulo.<\/p>\n\n\n\n<p><strong>D\u00favidas e Contato<\/strong><\/p>\n\n\n\n<p>Para esclarecimentos adicionais, os interessados podem entrar em contato com a secretaria do SINPRF-SP atrav\u00e9s dos n\u00fameros:<\/p>\n\n\n\n<p>\u2022 (11) 96436-5551<\/p>\n\n\n\n<p>\u2022 (11) 96436-5500<\/p>\n","protected":false},"excerpt":{"rendered":"<p>Para quem n\u00e3o conseguiu se credenciar no SESC no primeiro per\u00edodo, estamos com uma nova oportunidade para inscri\u00e7\u00e3o at\u00e9 o pr\u00f3ximo dia 12 de junho. Ap\u00f3s essa data, ser\u00e1 necess\u00e1rio um novo per\u00edodo de inscri\u00e7\u00e3o definido pelo SESC. O SESC-SP \u00e9 reconhecido por seu papel na promo\u00e7\u00e3o da cultura, lazer, arte, esporte e bem-estar social. [&hellip;]<\/p>\n","protected":false},"author":3,"featured_media":19399,"comment_status":"closed","ping_status":"closed","sticky":false,"template":"","format":"standard","meta":{"footnotes":""},"categories":[41],"tags":[],"class_list":["post-19398","post","type-post","status-publish","format-standard","has-post-thumbnail","hentry","category-noticias-em-destaque"],"_links":{"self":[{"href":"https:\/\/sinprfsp.org.br\/index.php\/wp-json\/wp\/v2\/posts\/19398","targetHints":{"allow":["GET"]}}],"collection":[{"href":"https:\/\/sinprfsp.org.br\/index.php\/wp-json\/wp\/v2\/posts"}],"about":[{"href":"https:\/\/sinprfsp.org.br\/index.php\/wp-json\/wp\/v2\/types\/post"}],"author":[{"embeddable":true,"href":"https:\/\/sinprfsp.org.br\/index.php\/wp-json\/wp\/v2\/users\/3"}],"replies":[{"embeddable":true,"href":"https:\/\/sinprfsp.org.br\/index.php\/wp-json\/wp\/v2\/comments?post=19398"}],"version-history":[{"count":1,"href":"https:\/\/sinprfsp.org.br\/index.php\/wp-json\/wp\/v2\/posts\/19398\/revisions"}],"predecessor-version":[{"id":19400,"href":"https:\/\/sinprfsp.org.br\/index.php\/wp-json\/wp\/v2\/posts\/19398\/revisions\/19400"}],"wp:featuredmedia":[{"embeddable":true,"href":"https:\/\/sinprfsp.org.br\/index.php\/wp-json\/wp\/v2\/media\/19399"}],"wp:attachment":[{"href":"https:\/\/sinprfsp.org.br\/index.php\/wp-json\/wp\/v2\/media?parent=19398"}],"wp:term":[{"taxonomy":"category","embeddable":true,"href":"https:\/\/sinprfsp.org.br\/index.php\/wp-json\/wp\/v2\/categories?post=19398"},{"taxonomy":"post_tag","embeddable":true,"href":"https:\/\/sinprfsp.org.br\/index.php\/wp-json\/wp\/v2\/tags?post=19398"}],"curies":[{"name":"wp","href":"https:\/\/api.w.org\/{rel}","templated":true}]}}