{"id":19406,"date":"2025-05-28T14:36:54","date_gmt":"2025-05-28T17:36:54","guid":{"rendered":"https:\/\/sinprfsp.org.br\/?p=19406"},"modified":"2025-05-28T14:36:55","modified_gmt":"2025-05-28T17:36:55","slug":"fenaprf-garante-liminar-contra-cobranca-retroativa-de-diferencas-nas-contribuicoes-previdenciarias-de-pensionistas","status":"publish","type":"post","link":"https:\/\/sinprfsp.org.br\/index.php\/2025\/05\/28\/fenaprf-garante-liminar-contra-cobranca-retroativa-de-diferencas-nas-contribuicoes-previdenciarias-de-pensionistas\/","title":{"rendered":"FenaPRF garante liminar contra cobran\u00e7a retroativa de diferen\u00e7as nas contribui\u00e7\u00f5es previdenci\u00e1rias de pensionistas"},"content":{"rendered":"\n<p>O Sistema Sindical dos PRFs obteve importante vit\u00f3ria judicial, ao garantir liminar, que suspende a cobran\u00e7a retroativa de diferen\u00e7as nas contribui\u00e7\u00f5es previdenci\u00e1rias de pensionistas.<\/p>\n\n\n\n<p>A a\u00e7\u00e3o coletiva foi proposta diante da mudan\u00e7a no entendimento administrativo sobre a base de c\u00e1lculo da contribui\u00e7\u00e3o (que passou a considerar o valor total da pens\u00e3o antes do rateio entre os benefici\u00e1rios) o que resultou em aumentos indevidos na contribui\u00e7\u00e3o. A Administra\u00e7\u00e3o passou ainda a aplicar cobran\u00e7as retroativas, de at\u00e9 cinco anos, com juros e corre\u00e7\u00e3o monet\u00e1ria, agravando mais os impactos sobre os(as) pensionistas.<\/p>\n\n\n\n<p>O escrit\u00f3rio Alencar Advocacia, patrono da a\u00e7\u00e3o, explicou que tal cobran\u00e7a viola os princ\u00edpios da legalidade, da anterioridade tribut\u00e1ria e da seguran\u00e7a jur\u00eddica, especialmente por se tratar de verba alimentar, recebida de boa-f\u00e9 \u2014 muitas vezes por pensionistas em situa\u00e7\u00e3o de vulnerabilidade. Jurisprud\u00eancias do STF e do STJ, e o art. 146 do C\u00f3digo Tribut\u00e1rio Nacional, refor\u00e7am a tese acolhida, na decis\u00e3o liminar.<\/p>\n\n\n\n<p>A FenaPRF seguir\u00e1 acompanhando de perto o andamento dessa a\u00e7\u00e3o e prestar\u00e1 suporte jur\u00eddico aos(\u00e0s) pensionistas substitu\u00eddos(as), inclusive, promover\u00e1 novas medidas objetivando o reconhecimento da ilegalidade\/inconstitucionalidade da aplica\u00e7\u00e3o do novo entendimento da Fazenda, para p\u00f4r fim, em definitivo, ao aumento de tais descontos.<\/p>\n\n\n\n<ul class=\"wp-block-list\"><li>Acesse a \u00edntegra da decis\u00e3o judicial clicando&nbsp;<strong><em><a href=\"https:\/\/fenaprf.org.br\/novo\/wp-content\/uploads\/2025\/05\/10516051120254013400_2188637096_Decisao.pdf\" target=\"_blank\" rel=\"noreferrer noopener\">AQUI<\/a>.<\/em><\/strong><\/li><\/ul>\n\n\n\n<p><strong>Aten\u00e7\u00e3o, pensionistas!<\/strong><br>Se voc\u00ea \u00e9 benefici\u00e1rio(a) de pens\u00e3o civil e, a partir de setembro de 2024, passou a pagar um valor maior de contribui\u00e7\u00e3o previdenci\u00e1ria, saiba que a FenaPRF, juntamente com os sindicatos estaduais, est\u00e3o ao seu lado, e vamos seguir, juntos, nessa luta!<\/p>\n\n\n\n<ul class=\"wp-block-list\"><li><a href=\"https:\/\/fenaprf.org.br\/novo\/nota-aos-as-pensionistas-aumento-de-contribuicoes-previdenciarias\/\" target=\"_blank\" rel=\"noreferrer noopener\"><strong><em>Clique aqui<\/em><\/strong><\/a>&nbsp;e siga as orienta\u00e7\u00f5es para que possamos atuar em sua defesa.<\/li><\/ul>\n\n\n\n<p><\/p>\n","protected":false},"excerpt":{"rendered":"<p>O Sistema Sindical dos PRFs obteve importante vit\u00f3ria judicial, ao garantir liminar, que suspende a cobran\u00e7a retroativa de diferen\u00e7as nas contribui\u00e7\u00f5es previdenci\u00e1rias de pensionistas. A a\u00e7\u00e3o coletiva foi proposta diante da mudan\u00e7a no entendimento administrativo sobre a base de c\u00e1lculo da contribui\u00e7\u00e3o (que passou a considerar o valor total da pens\u00e3o antes do rateio entre [&hellip;]<\/p>\n","protected":false},"author":3,"featured_media":19407,"comment_status":"closed","ping_status":"closed","sticky":false,"template":"","format":"standard","meta":{"footnotes":""},"categories":[41],"tags":[],"class_list":["post-19406","post","type-post","status-publish","format-standard","has-post-thumbnail","hentry","category-noticias-em-destaque"],"_links":{"self":[{"href":"https:\/\/sinprfsp.org.br\/index.php\/wp-json\/wp\/v2\/posts\/19406","targetHints":{"allow":["GET"]}}],"collection":[{"href":"https:\/\/sinprfsp.org.br\/index.php\/wp-json\/wp\/v2\/posts"}],"about":[{"href":"https:\/\/sinprfsp.org.br\/index.php\/wp-json\/wp\/v2\/types\/post"}],"author":[{"embeddable":true,"href":"https:\/\/sinprfsp.org.br\/index.php\/wp-json\/wp\/v2\/users\/3"}],"replies":[{"embeddable":true,"href":"https:\/\/sinprfsp.org.br\/index.php\/wp-json\/wp\/v2\/comments?post=19406"}],"version-history":[{"count":1,"href":"https:\/\/sinprfsp.org.br\/index.php\/wp-json\/wp\/v2\/posts\/19406\/revisions"}],"predecessor-version":[{"id":19408,"href":"https:\/\/sinprfsp.org.br\/index.php\/wp-json\/wp\/v2\/posts\/19406\/revisions\/19408"}],"wp:featuredmedia":[{"embeddable":true,"href":"https:\/\/sinprfsp.org.br\/index.php\/wp-json\/wp\/v2\/media\/19407"}],"wp:attachment":[{"href":"https:\/\/sinprfsp.org.br\/index.php\/wp-json\/wp\/v2\/media?parent=19406"}],"wp:term":[{"taxonomy":"category","embeddable":true,"href":"https:\/\/sinprfsp.org.br\/index.php\/wp-json\/wp\/v2\/categories?post=19406"},{"taxonomy":"post_tag","embeddable":true,"href":"https:\/\/sinprfsp.org.br\/index.php\/wp-json\/wp\/v2\/tags?post=19406"}],"curies":[{"name":"wp","href":"https:\/\/api.w.org\/{rel}","templated":true}]}}